{"id":156880,"date":"2020-03-07T09:50:08","date_gmt":"2020-03-07T12:50:08","guid":{"rendered":"http:\/\/www.caririemacao.com\/1\/?p=156880"},"modified":"2020-03-07T09:50:10","modified_gmt":"2020-03-07T12:50:10","slug":"atentado-ataque-a-tiros-deixa-tres-homens-mortos-e-um-ferido-no-sertao-da-paraiba","status":"publish","type":"post","link":"https:\/\/www.caririemacao.com\/1\/2020\/03\/07\/atentado-ataque-a-tiros-deixa-tres-homens-mortos-e-um-ferido-no-sertao-da-paraiba\/","title":{"rendered":"ATENTADO: Ataque a tiros deixa tr\u00eas homens mortos e um ferido no Sert\u00e3o da Para\u00edba"},"content":{"rendered":"\n<p><br>Um grave atentado a tiros resultando em tr\u00eas mortes foi registrado na noite desta sexta-feira (06) no Centro da cidade de Brejo do Cruz, no Sert\u00e3o do Estado da Para\u00edba. Os homens estavam em um ve\u00edculo quando teriam sido atingidos por disparos de arma de fogo feitos por homens em motos.<\/p>\n\n\n\n<p>Segundo informa\u00e7\u00f5es do major Esa\u00fa, do 12\u00ba Batalh\u00e3o da Pol\u00edcia Militar, ao ClickPB, quatro indiv\u00edduos que estavam em duas motos abriram fogo contra um carro. Dentro do ve\u00edculo estavam quatro homens, possivelmente vendedores.<\/p>\n\n\n\n<p>Tr\u00eas dos atingidos acabaram n\u00e3o resistindo aos ferimentos e morrendo ainda no local do crime. J\u00e1 uma das v\u00edtimas foi socorrida at\u00e9 um hospital da regi\u00e3o.<\/p>\n\n\n\n<p>O&nbsp;Servi\u00e7o de Atendimento M\u00f3vel de Urg\u00eancia (Samu) foi acionado e prestou os atendimentos no local do crime. As guarni\u00e7\u00f5es da&nbsp;Pol\u00edcia Militar tamb\u00e9m est\u00e3o no local colhendo informa\u00e7\u00f5es e fazendo dilig\u00eancias.<\/p>\n\n\n\n<p><em>Click PB<\/em><\/p>\n","protected":false},"excerpt":{"rendered":"<p>Um grave atentado a tiros resultando em tr\u00eas mortes foi registrado na noite desta sexta-feira (06) no Centro da cidade de Brejo do Cruz, no&hellip; <\/p>\n","protected":false},"author":2,"featured_media":156881,"comment_status":"closed","ping_status":"closed","sticky":false,"template":"","format":"standard","meta":{"sfsi_plus_gutenberg_text_before_share":"","sfsi_plus_gutenberg_show_text_before_share":"","sfsi_plus_gutenberg_icon_type":"","sfsi_plus_gutenberg_icon_alignemt":"","sfsi_plus_gutenburg_max_per_row":"","footnotes":""},"categories":[50,12],"tags":[],"class_list":["post-156880","post","type-post","status-publish","format-standard","has-post-thumbnail","hentry","category-destaque","category-policia"],"_links":{"self":[{"href":"https:\/\/www.caririemacao.com\/1\/wp-json\/wp\/v2\/posts\/156880","targetHints":{"allow":["GET"]}}],"collection":[{"href":"https:\/\/www.caririemacao.com\/1\/wp-json\/wp\/v2\/posts"}],"about":[{"href":"https:\/\/www.caririemacao.com\/1\/wp-json\/wp\/v2\/types\/post"}],"author":[{"embeddable":true,"href":"https:\/\/www.caririemacao.com\/1\/wp-json\/wp\/v2\/users\/2"}],"replies":[{"embeddable":true,"href":"https:\/\/www.caririemacao.com\/1\/wp-json\/wp\/v2\/comments?post=156880"}],"version-history":[{"count":1,"href":"https:\/\/www.caririemacao.com\/1\/wp-json\/wp\/v2\/posts\/156880\/revisions"}],"predecessor-version":[{"id":156882,"href":"https:\/\/www.caririemacao.com\/1\/wp-json\/wp\/v2\/posts\/156880\/revisions\/156882"}],"wp:featuredmedia":[{"embeddable":true,"href":"https:\/\/www.caririemacao.com\/1\/wp-json\/wp\/v2\/media\/156881"}],"wp:attachment":[{"href":"https:\/\/www.caririemacao.com\/1\/wp-json\/wp\/v2\/media?parent=156880"}],"wp:term":[{"taxonomy":"category","embeddable":true,"href":"https:\/\/www.caririemacao.com\/1\/wp-json\/wp\/v2\/categories?post=156880"},{"taxonomy":"post_tag","embeddable":true,"href":"https:\/\/www.caririemacao.com\/1\/wp-json\/wp\/v2\/tags?post=156880"}],"curies":[{"name":"wp","href":"https:\/\/api.w.org\/{rel}","templated":true}]}}