{"id":156885,"date":"2020-03-07T09:51:55","date_gmt":"2020-03-07T12:51:55","guid":{"rendered":"http:\/\/www.caririemacao.com\/1\/?p=156885"},"modified":"2020-03-07T09:51:58","modified_gmt":"2020-03-07T12:51:58","slug":"prefeito-de-caraubas-solicita-e-der-recupera-trecho-da-pb-186-danificado-pelas-recentes-chuvas","status":"publish","type":"post","link":"https:\/\/www.caririemacao.com\/1\/2020\/03\/07\/prefeito-de-caraubas-solicita-e-der-recupera-trecho-da-pb-186-danificado-pelas-recentes-chuvas\/","title":{"rendered":"Prefeito de Cara\u00fabas solicita e DER recupera trecho da PB-186 danificado pelas recentes chuvas"},"content":{"rendered":"\n<p>A Prefeitura Municipal de Cara\u00fabas atrav\u00e9s da Secretaria de Obras P\u00fablicas e Servi\u00e7os Urbanos \u2013 SOPSUR, constatou fissuras no asfalto da PB 186, na cabe\u00e7a da ponte do Rio Para\u00edba que d\u00e1 acesso \u00e1 cidade de Cara\u00fabas e a pedido do prefeito Silvano Dudu que encaminhou as imagens ao Departamento de Estradas e Rodagens \u2013 DER\/PB, prontamente atendido pela ger\u00eancia de Sum\u00e9.<\/p>\n\n\n\n<div class=\"wp-block-image\"><figure class=\"alignright\"><img decoding=\"async\" data-src=\"http:\/\/deolhonocariri.com.br\/wp-content\/uploads\/2020\/03\/88364008_2634568859985554_1213455306252615680_n.jpg\" alt=\"\" class=\"wp-image-78852 lazyload\" src=\"data:image\/svg+xml;base64,PHN2ZyB3aWR0aD0iMSIgaGVpZ2h0PSIxIiB4bWxucz0iaHR0cDovL3d3dy53My5vcmcvMjAwMC9zdmciPjwvc3ZnPg==\" \/><\/figure><\/div>\n\n\n\n<p>De acordo com Lamartine diretor da unidade administrativa do escrit\u00f3rio de Sum\u00e9, o asfalto n\u00e3o cedeu, mais em virtude de uma fissura no meio fio a \u00e1gua estava infiltrando por baixo da camada de aterro e com certeza iria danificar o acesso. Rapidamente atendendo o pedido do prefeito Silvano Dudu que esta sempre vigilante nessas situa\u00e7\u00f5es, deslocamos nossa equipe do DER pra c\u00e1 e j\u00e1 reparamos os danos na PB 186, afirmou ele.<\/p>\n\n\n\n<p>O prefeito disponibilizou ainda a retroescavadeira, a pedido do pr\u00f3prio DER, para ajudar nos servi\u00e7os de recupera\u00e7\u00e3o da presente a\u00e7\u00e3o. Quando se tem uma parceria importante como esta com o Governo do Estado da Para\u00eda ganham todos, o Poder P\u00fablico Municipal, a popula\u00e7\u00e3o e o pr\u00f3prio Governo do Estado que tem a execu\u00e7\u00e3o em tempo recorde evitando danos maiores, disse o prefeito.<\/p>\n\n\n\n<p>Os servi\u00e7os executados foram de coloca\u00e7\u00e3o de cascalho, servi\u00e7os de compacta\u00e7\u00e3o e aplica\u00e7\u00e3o de cimento ao meio fio evitando a danifica\u00e7\u00e3o futura da obra. O prefeito Silvano Dudu aproveitou a oportunidade para agradecer ao pessoal do DER, na pessoa do diretor Lamartine que prontamente atendeu nossa solicita\u00e7\u00e3o.<\/p>\n\n\n\n<p><em>Seplacom<\/em><\/p>\n","protected":false},"excerpt":{"rendered":"<p>A Prefeitura Municipal de Cara\u00fabas atrav\u00e9s da Secretaria de Obras P\u00fablicas e Servi\u00e7os Urbanos \u2013 SOPSUR, constatou fissuras no asfalto da PB 186, na cabe\u00e7a&hellip; <\/p>\n","protected":false},"author":2,"featured_media":156886,"comment_status":"closed","ping_status":"closed","sticky":false,"template":"","format":"standard","meta":{"sfsi_plus_gutenberg_text_before_share":"","sfsi_plus_gutenberg_show_text_before_share":"","sfsi_plus_gutenberg_icon_type":"","sfsi_plus_gutenberg_icon_alignemt":"","sfsi_plus_gutenburg_max_per_row":"","footnotes":""},"categories":[2],"tags":[],"class_list":["post-156885","post","type-post","status-publish","format-standard","has-post-thumbnail","hentry","category-geral"],"_links":{"self":[{"href":"https:\/\/www.caririemacao.com\/1\/wp-json\/wp\/v2\/posts\/156885","targetHints":{"allow":["GET"]}}],"collection":[{"href":"https:\/\/www.caririemacao.com\/1\/wp-json\/wp\/v2\/posts"}],"about":[{"href":"https:\/\/www.caririemacao.com\/1\/wp-json\/wp\/v2\/types\/post"}],"author":[{"embeddable":true,"href":"https:\/\/www.caririemacao.com\/1\/wp-json\/wp\/v2\/users\/2"}],"replies":[{"embeddable":true,"href":"https:\/\/www.caririemacao.com\/1\/wp-json\/wp\/v2\/comments?post=156885"}],"version-history":[{"count":1,"href":"https:\/\/www.caririemacao.com\/1\/wp-json\/wp\/v2\/posts\/156885\/revisions"}],"predecessor-version":[{"id":156887,"href":"https:\/\/www.caririemacao.com\/1\/wp-json\/wp\/v2\/posts\/156885\/revisions\/156887"}],"wp:featuredmedia":[{"embeddable":true,"href":"https:\/\/www.caririemacao.com\/1\/wp-json\/wp\/v2\/media\/156886"}],"wp:attachment":[{"href":"https:\/\/www.caririemacao.com\/1\/wp-json\/wp\/v2\/media?parent=156885"}],"wp:term":[{"taxonomy":"category","embeddable":true,"href":"https:\/\/www.caririemacao.com\/1\/wp-json\/wp\/v2\/categories?post=156885"},{"taxonomy":"post_tag","embeddable":true,"href":"https:\/\/www.caririemacao.com\/1\/wp-json\/wp\/v2\/tags?post=156885"}],"curies":[{"name":"wp","href":"https:\/\/api.w.org\/{rel}","templated":true}]}}