{"id":156889,"date":"2020-03-07T09:54:28","date_gmt":"2020-03-07T12:54:28","guid":{"rendered":"http:\/\/www.caririemacao.com\/1\/?p=156889"},"modified":"2020-03-07T09:54:29","modified_gmt":"2020-03-07T12:54:29","slug":"na-paraiba-familias-sao-retiradas-de-casa-apos-risco-de-rompimento-de-barragem","status":"publish","type":"post","link":"https:\/\/www.caririemacao.com\/1\/2020\/03\/07\/na-paraiba-familias-sao-retiradas-de-casa-apos-risco-de-rompimento-de-barragem\/","title":{"rendered":"NA PARA\u00cdBA: Fam\u00edlias s\u00e3o retiradas de casa ap\u00f3s risco de rompimento de barragem"},"content":{"rendered":"\n<p>Pelo menos 20 fam\u00edlias que moram na comunidade das casas populares em Carrapateira, no Sert\u00e3o da Para\u00edba, foram retiradas de suas casas na quinta-feira (5), devido ao risco de rompimento de uma barragem localizada no s\u00edtio Voltas. De acordo como o Corpo de Bombeiros, a parte externa do reservat\u00f3rio cedeu.<\/p>\n\n\n\n<p>Conforme o comandante do Corpo de Bombeiros em Carrapateira, tenente-coronel Ed\u00eanio Mendes, o n\u00edvel de \u00e1gua da barragem subiu por causa das fortes chuvas que ca\u00edram na regi\u00e3o desde o in\u00edcio de 2020.<\/p>\n\n\n\n<p>As pessoas que deixaram o local foram realocadas nas casas de familiares, em uma escola e um Centro de Refer\u00eancia da Assist\u00eancia Social (CRAS), cedidos pela Prefeitura de Carrapateira.<\/p>\n\n\n\n<p>A Prefeitura fez a abertura de um sangradouro no local, o que diminuiu o volume h\u00eddrico da barragem em pelo menos dois metros de altura. Mas moradores s\u00f3 poder\u00e3o voltar para as casas quando o local n\u00e3o oferecer mais risco.<\/p>\n\n\n\n<p>Segundo o Corpo de Bombeiros, a Defesa Civil do estado foi notificada e deve ir ao local para avaliar a situa\u00e7\u00e3o.<\/p>\n\n\n\n<p><em>G1 PB<\/em><\/p>\n","protected":false},"excerpt":{"rendered":"<p>Pelo menos 20 fam\u00edlias que moram na comunidade das casas populares em Carrapateira, no Sert\u00e3o da Para\u00edba, foram retiradas de suas casas na quinta-feira (5),&hellip; <\/p>\n","protected":false},"author":2,"featured_media":156890,"comment_status":"closed","ping_status":"closed","sticky":false,"template":"","format":"standard","meta":{"sfsi_plus_gutenberg_text_before_share":"","sfsi_plus_gutenberg_show_text_before_share":"","sfsi_plus_gutenberg_icon_type":"","sfsi_plus_gutenberg_icon_alignemt":"","sfsi_plus_gutenburg_max_per_row":"","footnotes":""},"categories":[6],"tags":[],"class_list":["post-156889","post","type-post","status-publish","format-standard","has-post-thumbnail","hentry","category-cidades"],"_links":{"self":[{"href":"https:\/\/www.caririemacao.com\/1\/wp-json\/wp\/v2\/posts\/156889","targetHints":{"allow":["GET"]}}],"collection":[{"href":"https:\/\/www.caririemacao.com\/1\/wp-json\/wp\/v2\/posts"}],"about":[{"href":"https:\/\/www.caririemacao.com\/1\/wp-json\/wp\/v2\/types\/post"}],"author":[{"embeddable":true,"href":"https:\/\/www.caririemacao.com\/1\/wp-json\/wp\/v2\/users\/2"}],"replies":[{"embeddable":true,"href":"https:\/\/www.caririemacao.com\/1\/wp-json\/wp\/v2\/comments?post=156889"}],"version-history":[{"count":1,"href":"https:\/\/www.caririemacao.com\/1\/wp-json\/wp\/v2\/posts\/156889\/revisions"}],"predecessor-version":[{"id":156891,"href":"https:\/\/www.caririemacao.com\/1\/wp-json\/wp\/v2\/posts\/156889\/revisions\/156891"}],"wp:featuredmedia":[{"embeddable":true,"href":"https:\/\/www.caririemacao.com\/1\/wp-json\/wp\/v2\/media\/156890"}],"wp:attachment":[{"href":"https:\/\/www.caririemacao.com\/1\/wp-json\/wp\/v2\/media?parent=156889"}],"wp:term":[{"taxonomy":"category","embeddable":true,"href":"https:\/\/www.caririemacao.com\/1\/wp-json\/wp\/v2\/categories?post=156889"},{"taxonomy":"post_tag","embeddable":true,"href":"https:\/\/www.caririemacao.com\/1\/wp-json\/wp\/v2\/tags?post=156889"}],"curies":[{"name":"wp","href":"https:\/\/api.w.org\/{rel}","templated":true}]}}