{"id":156897,"date":"2020-03-07T10:01:10","date_gmt":"2020-03-07T13:01:10","guid":{"rendered":"http:\/\/www.caririemacao.com\/1\/?p=156897"},"modified":"2020-03-07T10:01:11","modified_gmt":"2020-03-07T13:01:11","slug":"vereadores-prestigiam-entrega-de-reforma-e-sala-de-fisioterapia-do-abrigo-de-idosos-em-sume","status":"publish","type":"post","link":"https:\/\/www.caririemacao.com\/1\/2020\/03\/07\/vereadores-prestigiam-entrega-de-reforma-e-sala-de-fisioterapia-do-abrigo-de-idosos-em-sume\/","title":{"rendered":"Vereadores prestigiam entrega de reforma e sala de fisioterapia do abrigo de idosos em Sum\u00e9"},"content":{"rendered":"\n<p>Os vereadores&nbsp;Antonio Carlos Sarmento,&nbsp;Brigida Xavier, Nilson Brito e&nbsp;Flavio Paulino, participaram nesta quinta-feira (05), da solenidade de entrega de reforma e sala de fisioterapia do abrigo de idosos em Sum\u00e9.<\/p>\n\n\n\n<p>O evento contou com a presen\u00e7a do prefeito \u00c9den Duarte, do secret\u00e1rio de Estado Tib\u00e9rio Limeira, vice-prefeito Dr\u00f3 e demais autoridades.<\/p>\n\n\n\n<div class=\"wp-block-image\"><figure class=\"aligncenter\"><a href=\"http:\/\/noticiasemdestaque.com\/cd\/wp-content\/uploads\/2020\/03\/DSC_0858.jpg\"><img decoding=\"async\" data-src=\"http:\/\/noticiasemdestaque.com\/cd\/wp-content\/uploads\/2020\/03\/DSC_0858-1024x681.jpg\" alt=\"\" class=\"wp-image-23529 lazyload\" src=\"data:image\/svg+xml;base64,PHN2ZyB3aWR0aD0iMSIgaGVpZ2h0PSIxIiB4bWxucz0iaHR0cDovL3d3dy53My5vcmcvMjAwMC9zdmciPjwvc3ZnPg==\" style=\"--smush-placeholder-width: 1024px; --smush-placeholder-aspect-ratio: 1024\/681;\" \/><\/a><\/figure><\/div>\n\n\n\n<p>Os investimentos foram realizados atrav\u00e9s de um conv\u00eanio celebrado entre as institui\u00e7\u00f5es, na ordem de RS 110 mil, por meio do Projeto Acolher.<\/p>\n\n\n\n<p>Ascom\/C\u00e2mara<\/p>\n","protected":false},"excerpt":{"rendered":"<p>Os vereadores&nbsp;Antonio Carlos Sarmento,&nbsp;Brigida Xavier, Nilson Brito e&nbsp;Flavio Paulino, participaram nesta quinta-feira (05), da solenidade de entrega de reforma e sala de fisioterapia do abrigo&hellip; <\/p>\n","protected":false},"author":2,"featured_media":156898,"comment_status":"closed","ping_status":"closed","sticky":false,"template":"","format":"standard","meta":{"sfsi_plus_gutenberg_text_before_share":"","sfsi_plus_gutenberg_show_text_before_share":"","sfsi_plus_gutenberg_icon_type":"","sfsi_plus_gutenberg_icon_alignemt":"","sfsi_plus_gutenburg_max_per_row":"","footnotes":""},"categories":[6],"tags":[],"class_list":["post-156897","post","type-post","status-publish","format-standard","has-post-thumbnail","hentry","category-cidades"],"_links":{"self":[{"href":"https:\/\/www.caririemacao.com\/1\/wp-json\/wp\/v2\/posts\/156897","targetHints":{"allow":["GET"]}}],"collection":[{"href":"https:\/\/www.caririemacao.com\/1\/wp-json\/wp\/v2\/posts"}],"about":[{"href":"https:\/\/www.caririemacao.com\/1\/wp-json\/wp\/v2\/types\/post"}],"author":[{"embeddable":true,"href":"https:\/\/www.caririemacao.com\/1\/wp-json\/wp\/v2\/users\/2"}],"replies":[{"embeddable":true,"href":"https:\/\/www.caririemacao.com\/1\/wp-json\/wp\/v2\/comments?post=156897"}],"version-history":[{"count":1,"href":"https:\/\/www.caririemacao.com\/1\/wp-json\/wp\/v2\/posts\/156897\/revisions"}],"predecessor-version":[{"id":156899,"href":"https:\/\/www.caririemacao.com\/1\/wp-json\/wp\/v2\/posts\/156897\/revisions\/156899"}],"wp:featuredmedia":[{"embeddable":true,"href":"https:\/\/www.caririemacao.com\/1\/wp-json\/wp\/v2\/media\/156898"}],"wp:attachment":[{"href":"https:\/\/www.caririemacao.com\/1\/wp-json\/wp\/v2\/media?parent=156897"}],"wp:term":[{"taxonomy":"category","embeddable":true,"href":"https:\/\/www.caririemacao.com\/1\/wp-json\/wp\/v2\/categories?post=156897"},{"taxonomy":"post_tag","embeddable":true,"href":"https:\/\/www.caririemacao.com\/1\/wp-json\/wp\/v2\/tags?post=156897"}],"curies":[{"name":"wp","href":"https:\/\/api.w.org\/{rel}","templated":true}]}}