{"id":156902,"date":"2020-03-07T10:04:05","date_gmt":"2020-03-07T13:04:05","guid":{"rendered":"http:\/\/www.caririemacao.com\/1\/?p=156902"},"modified":"2020-03-07T10:04:06","modified_gmt":"2020-03-07T13:04:06","slug":"mais-agua-no-campo-mais-80-familias-serao-beneficiadas-com-dessalinizador-em-monteiro","status":"publish","type":"post","link":"https:\/\/www.caririemacao.com\/1\/2020\/03\/07\/mais-agua-no-campo-mais-80-familias-serao-beneficiadas-com-dessalinizador-em-monteiro\/","title":{"rendered":"\u201cMais \u00c1gua no Campo\u201d: Mais 80 Fam\u00edlias ser\u00e3o beneficiadas com dessalinizador em Monteiro"},"content":{"rendered":"\n<p>O Programa \u201cMais \u00c1gua no Campo\u201d vem melhorando a qualidade de vida das fam\u00edlias da zona rural de Monteiro, tanto no que diz respeito \u00e0 sa\u00fade, com \u00e1gua pot\u00e1vel para consumo humano, quanto na possibilidade de gera\u00e7\u00e3o de renda, nos Sistemas de Dessaliniza\u00e7\u00e3o com Unidades Produtivas.<\/p>\n\n\n\n<p>O programa \u201cMais \u00c1gua no Campo\u201d, lan\u00e7ado pela prefeita Anna Lorena no in\u00edcio de 2019, com a implanta\u00e7\u00e3o de dessalinizadores \u00e9 fruto de uma parceria entre a Prefeitura de Monteiro e o Governo do Estado. Esse programa \u00e9 financiado pelo Procase em parceria com o Fundo Internacional de Desenvolvimento Agr\u00edcola (Fida).<\/p>\n\n\n\n<p>Mais de 80 fam\u00edlias das comunidades de Cacimba de Cima, V\u00e1rzea, Limpo Branco, Barro Vermelho e Z\u00e9 Gomes ser\u00e3o beneficiadas. Antes mesmo da instala\u00e7\u00e3o dos dessalinizadores, foram realizados treinamentos e oficinas de gest\u00e3o do uso da \u00e1gua, manejo dos equipamentos e manuten\u00e7\u00e3o das unidades. Toda a ger\u00eancia fica a cargo dos presidentes de associa\u00e7\u00f5es e seus associados.<\/p>\n\n\n\n<p>Anna Lorena disse que \u201cos sistemas operam em comunidades que antes eram abastecidas com carro-pipa, \u00e1gua de po\u00e7os com alta salinidade e tamb\u00e9m de a\u00e7ude, sem qualidade para o consumo. \u00c9 um programa importante que atende a popula\u00e7\u00e3o de imediato, principalmente as pessoas que n\u00e3o t\u00eam a menor condi\u00e7\u00e3o de acesso \u00e0 \u00e1gua. O \u00c1gua Doce atua nas regi\u00f5es em que os po\u00e7os apresentam um alto teor de sal e a gente faz a implanta\u00e7\u00e3o de um dessalinizador que, depois de fazer o tratamento, ele deixa a \u00e1gua absolutamente pot\u00e1vel\u201d. Concluiu.<\/p>\n","protected":false},"excerpt":{"rendered":"<p>O Programa \u201cMais \u00c1gua no Campo\u201d vem melhorando a qualidade de vida das fam\u00edlias da zona rural de Monteiro, tanto no que diz respeito \u00e0&hellip; <\/p>\n","protected":false},"author":2,"featured_media":156903,"comment_status":"closed","ping_status":"closed","sticky":false,"template":"","format":"standard","meta":{"sfsi_plus_gutenberg_text_before_share":"","sfsi_plus_gutenberg_show_text_before_share":"","sfsi_plus_gutenberg_icon_type":"","sfsi_plus_gutenberg_icon_alignemt":"","sfsi_plus_gutenburg_max_per_row":"","footnotes":""},"categories":[6],"tags":[],"class_list":["post-156902","post","type-post","status-publish","format-standard","has-post-thumbnail","hentry","category-cidades"],"_links":{"self":[{"href":"https:\/\/www.caririemacao.com\/1\/wp-json\/wp\/v2\/posts\/156902","targetHints":{"allow":["GET"]}}],"collection":[{"href":"https:\/\/www.caririemacao.com\/1\/wp-json\/wp\/v2\/posts"}],"about":[{"href":"https:\/\/www.caririemacao.com\/1\/wp-json\/wp\/v2\/types\/post"}],"author":[{"embeddable":true,"href":"https:\/\/www.caririemacao.com\/1\/wp-json\/wp\/v2\/users\/2"}],"replies":[{"embeddable":true,"href":"https:\/\/www.caririemacao.com\/1\/wp-json\/wp\/v2\/comments?post=156902"}],"version-history":[{"count":1,"href":"https:\/\/www.caririemacao.com\/1\/wp-json\/wp\/v2\/posts\/156902\/revisions"}],"predecessor-version":[{"id":156904,"href":"https:\/\/www.caririemacao.com\/1\/wp-json\/wp\/v2\/posts\/156902\/revisions\/156904"}],"wp:featuredmedia":[{"embeddable":true,"href":"https:\/\/www.caririemacao.com\/1\/wp-json\/wp\/v2\/media\/156903"}],"wp:attachment":[{"href":"https:\/\/www.caririemacao.com\/1\/wp-json\/wp\/v2\/media?parent=156902"}],"wp:term":[{"taxonomy":"category","embeddable":true,"href":"https:\/\/www.caririemacao.com\/1\/wp-json\/wp\/v2\/categories?post=156902"},{"taxonomy":"post_tag","embeddable":true,"href":"https:\/\/www.caririemacao.com\/1\/wp-json\/wp\/v2\/tags?post=156902"}],"curies":[{"name":"wp","href":"https:\/\/api.w.org\/{rel}","templated":true}]}}