{"id":156905,"date":"2020-03-07T10:07:34","date_gmt":"2020-03-07T13:07:34","guid":{"rendered":"http:\/\/www.caririemacao.com\/1\/?p=156905"},"modified":"2020-03-07T10:07:35","modified_gmt":"2020-03-07T13:07:35","slug":"embalado-flamengo-faz-classico-com-botafogo-pela-taca-rio","status":"publish","type":"post","link":"https:\/\/www.caririemacao.com\/1\/2020\/03\/07\/embalado-flamengo-faz-classico-com-botafogo-pela-taca-rio\/","title":{"rendered":"Embalado, Flamengo faz cl\u00e1ssico com Botafogo pela Ta\u00e7a Rio"},"content":{"rendered":"\n<p>De olho na lideran\u00e7a do Grupo A, o Flamengo recebe neste s\u00e1bado (7), \u00e0s 18h, o Botafogo no primeiro cl\u00e1ssico da Ta\u00e7a Rio, segunda etapa do Campeonato Carioca. A equipe rubro-negra vem embalada de uma importante vit\u00f3ria na Libertadores e um retrospecto positivo na temporada.<\/p>\n\n\n\n<p>No estadual, o Flamengo s\u00f3 perdeu uma partida, com o time sub-23, e foi campe\u00e3o da Ta\u00e7a Guanabara. Para alcan\u00e7ar a lideran\u00e7a de seu grupo, precisa superar o Botafogo, que fez apenas uma campanha regular no primeiro turno.<\/p>\n\n\n\n<p>Comandado por Paulo Autuori, o time alvinegro venceu tr\u00eas e perdeu tr\u00eas na primeira fase do Carioca, o que n\u00e3o foi suficiente para levar a equipe \u00e0s finais da Ta\u00e7a Guanabara. Uma vit\u00f3ria no s\u00e1bado d\u00e1 a lideran\u00e7a ao Botafogo e deixa o time mais perto da classifica\u00e7\u00e3o para as finais da Ta\u00e7a Rio.<\/p>\n\n\n\n<p>O Flamengo, por outro lado, j\u00e1 tem vaga na final do Carioca, mas o t\u00edtulo da Ta\u00e7a Rio deixaria a equipe muito mais perto do trof\u00e9u do estadual. Ainda assim, para a partida deste s\u00e1bado, Jorge Jesus deve poupar alguns jogadores do elenco titular, pensando no pr\u00f3ximo duelo da Libertadores, na pr\u00f3xima quarta (11).<\/p>\n\n\n\n<p>O Botafogo, por outro lado, deve atuar com o mesmo elenco dos \u00faltimos jogos. A torcida aguarda a estreia de Honda, jogador da sele\u00e7\u00e3o japonesa rec\u00e9m contratado, mas ele n\u00e3o deve entrar em campo no s\u00e1bado.<\/p>\n\n\n\n<p>FLAMENGO<br>C\u00e9sar; Jo\u00e3o Lucas, Thuler, Matheus Dantas, Ren\u00ea; Willian Ar\u00e3o, T. Maia, Diego, Michael, Pedro Rocha, Pedro. T.: Jorge Jesus<\/p>\n\n\n\n<p>BOTAFOGO<br>Gatito Fern\u00e1ndez; Barrandeguy, Marcelo Benevenuto, Ruan Renato, Danilo Barcelos; C\u00edcero, Alex Santana, Bruno Naz\u00e1rio, Luiz Fernando, Luis Henrique, Rafael Navarro. T.: Paulo Autuori<\/p>\n\n\n\n<p>Est\u00e1dio: Maracan\u00e3, no Rio de Janeiro<br>Hor\u00e1rio: 18h deste s\u00e1bado (7)<br>\u00c1rbitro: Bruno Arleu de Ara\u00fajo<\/p>\n","protected":false},"excerpt":{"rendered":"<p>De olho na lideran\u00e7a do Grupo A, o Flamengo recebe neste s\u00e1bado (7), \u00e0s 18h, o Botafogo no primeiro cl\u00e1ssico da Ta\u00e7a Rio, segunda etapa&hellip; <\/p>\n","protected":false},"author":2,"featured_media":156906,"comment_status":"closed","ping_status":"closed","sticky":false,"template":"","format":"standard","meta":{"sfsi_plus_gutenberg_text_before_share":"","sfsi_plus_gutenberg_show_text_before_share":"","sfsi_plus_gutenberg_icon_type":"","sfsi_plus_gutenberg_icon_alignemt":"","sfsi_plus_gutenburg_max_per_row":"","footnotes":""},"categories":[13],"tags":[],"class_list":["post-156905","post","type-post","status-publish","format-standard","has-post-thumbnail","hentry","category-esportes"],"_links":{"self":[{"href":"https:\/\/www.caririemacao.com\/1\/wp-json\/wp\/v2\/posts\/156905","targetHints":{"allow":["GET"]}}],"collection":[{"href":"https:\/\/www.caririemacao.com\/1\/wp-json\/wp\/v2\/posts"}],"about":[{"href":"https:\/\/www.caririemacao.com\/1\/wp-json\/wp\/v2\/types\/post"}],"author":[{"embeddable":true,"href":"https:\/\/www.caririemacao.com\/1\/wp-json\/wp\/v2\/users\/2"}],"replies":[{"embeddable":true,"href":"https:\/\/www.caririemacao.com\/1\/wp-json\/wp\/v2\/comments?post=156905"}],"version-history":[{"count":1,"href":"https:\/\/www.caririemacao.com\/1\/wp-json\/wp\/v2\/posts\/156905\/revisions"}],"predecessor-version":[{"id":156907,"href":"https:\/\/www.caririemacao.com\/1\/wp-json\/wp\/v2\/posts\/156905\/revisions\/156907"}],"wp:featuredmedia":[{"embeddable":true,"href":"https:\/\/www.caririemacao.com\/1\/wp-json\/wp\/v2\/media\/156906"}],"wp:attachment":[{"href":"https:\/\/www.caririemacao.com\/1\/wp-json\/wp\/v2\/media?parent=156905"}],"wp:term":[{"taxonomy":"category","embeddable":true,"href":"https:\/\/www.caririemacao.com\/1\/wp-json\/wp\/v2\/categories?post=156905"},{"taxonomy":"post_tag","embeddable":true,"href":"https:\/\/www.caririemacao.com\/1\/wp-json\/wp\/v2\/tags?post=156905"}],"curies":[{"name":"wp","href":"https:\/\/api.w.org\/{rel}","templated":true}]}}