{"id":156910,"date":"2020-03-07T11:34:00","date_gmt":"2020-03-07T14:34:00","guid":{"rendered":"http:\/\/www.caririemacao.com\/1\/?p=156910"},"modified":"2020-03-07T11:34:02","modified_gmt":"2020-03-07T14:34:02","slug":"secretaria-de-assistencia-social-de-amparo-realiza-evento-em-homenagem-ao-dia-internacional-da-mulher","status":"publish","type":"post","link":"https:\/\/www.caririemacao.com\/1\/2020\/03\/07\/secretaria-de-assistencia-social-de-amparo-realiza-evento-em-homenagem-ao-dia-internacional-da-mulher\/","title":{"rendered":"Secretaria de Assist\u00eancia Social de Amparo realiza evento em homenagem ao Dia Internacional da Mulher"},"content":{"rendered":"\n<p>A Prefeitura de Amparo atrav\u00e9s da Secretaria de Assist\u00eancia Social realizou um bel\u00edssimo evento em alus\u00e3o ao Dia Internacional da Mulher na manh\u00e3 da ultima sexta-feira (06).<\/p>\n\n\n\n<p><br>O evento foi realizado no CRAS, onde foi realizado din\u00e2micas com as mulheres e oferecido lanche para as mulheres presentes.<\/p>\n\n\n\n<p><a href=\"https:\/\/1.bp.blogspot.com\/-EVsgGlVtfRk\/XmOuEMnIYrI\/AAAAAAABKWw\/vZsix1m152M5HFTxCU7rysAjto-Wwj3QgCLcBGAsYHQ\/s1600\/DIA%2BINTERNACIONAL%2BDA%2BMULHER%2B%252830%2529.JPG\"><\/a><br>Estiveram presentes a Secret\u00e1ria de Assist\u00eancia Social Cleide N\u00f3brega, a Sub-secret\u00e1ria Simone Macedo, a Assist\u00eancia Social Cilene Macedo, a Psic\u00f3loga Dr\u00aa Bruna e o Vereador Duda Barnab\u00e9.<\/p>\n","protected":false},"excerpt":{"rendered":"<p>A Prefeitura de Amparo atrav\u00e9s da Secretaria de Assist\u00eancia Social realizou um bel\u00edssimo evento em alus\u00e3o ao Dia Internacional da Mulher na manh\u00e3 da ultima&hellip; <\/p>\n","protected":false},"author":2,"featured_media":156911,"comment_status":"closed","ping_status":"closed","sticky":false,"template":"","format":"standard","meta":{"sfsi_plus_gutenberg_text_before_share":"","sfsi_plus_gutenberg_show_text_before_share":"","sfsi_plus_gutenberg_icon_type":"","sfsi_plus_gutenberg_icon_alignemt":"","sfsi_plus_gutenburg_max_per_row":"","footnotes":""},"categories":[6],"tags":[],"class_list":["post-156910","post","type-post","status-publish","format-standard","has-post-thumbnail","hentry","category-cidades"],"_links":{"self":[{"href":"https:\/\/www.caririemacao.com\/1\/wp-json\/wp\/v2\/posts\/156910","targetHints":{"allow":["GET"]}}],"collection":[{"href":"https:\/\/www.caririemacao.com\/1\/wp-json\/wp\/v2\/posts"}],"about":[{"href":"https:\/\/www.caririemacao.com\/1\/wp-json\/wp\/v2\/types\/post"}],"author":[{"embeddable":true,"href":"https:\/\/www.caririemacao.com\/1\/wp-json\/wp\/v2\/users\/2"}],"replies":[{"embeddable":true,"href":"https:\/\/www.caririemacao.com\/1\/wp-json\/wp\/v2\/comments?post=156910"}],"version-history":[{"count":1,"href":"https:\/\/www.caririemacao.com\/1\/wp-json\/wp\/v2\/posts\/156910\/revisions"}],"predecessor-version":[{"id":156912,"href":"https:\/\/www.caririemacao.com\/1\/wp-json\/wp\/v2\/posts\/156910\/revisions\/156912"}],"wp:featuredmedia":[{"embeddable":true,"href":"https:\/\/www.caririemacao.com\/1\/wp-json\/wp\/v2\/media\/156911"}],"wp:attachment":[{"href":"https:\/\/www.caririemacao.com\/1\/wp-json\/wp\/v2\/media?parent=156910"}],"wp:term":[{"taxonomy":"category","embeddable":true,"href":"https:\/\/www.caririemacao.com\/1\/wp-json\/wp\/v2\/categories?post=156910"},{"taxonomy":"post_tag","embeddable":true,"href":"https:\/\/www.caririemacao.com\/1\/wp-json\/wp\/v2\/tags?post=156910"}],"curies":[{"name":"wp","href":"https:\/\/api.w.org\/{rel}","templated":true}]}}