{"id":156916,"date":"2020-03-07T12:55:13","date_gmt":"2020-03-07T15:55:13","guid":{"rendered":"http:\/\/www.caririemacao.com\/1\/?p=156916"},"modified":"2020-03-07T12:55:14","modified_gmt":"2020-03-07T15:55:14","slug":"em-sume-professores-e-alunos-preparam-vitrine-tecnologica-em-campo-para-x-festival-do-umbu","status":"publish","type":"post","link":"https:\/\/www.caririemacao.com\/1\/2020\/03\/07\/em-sume-professores-e-alunos-preparam-vitrine-tecnologica-em-campo-para-x-festival-do-umbu\/","title":{"rendered":"Em Sum\u00e9: Professores e alunos preparam vitrine tecnol\u00f3gica em campo para X Festival do Umbu"},"content":{"rendered":"\n<p>Estudantes e professores da Escola Agrot\u00e9cnica de Ensino Fundamental Deputado Evaldo Gon\u00e7alves de Queiroz, em Sum\u00e9, Cariri Ocidental paraibano, est\u00e3o desenvolvendo um trabalho de campo com culturas diversificadas em cons\u00f3rcio tendo como \u00eanfase a cultura do umbu.<\/p>\n\n\n\n<p>Conforme a diretora daquela casa de ensino, Maria Raquel Batista L\u00eala, as aulas de campo est\u00e3o acontecendo com os professores Andr\u00e9 Farias, Daniel Duarte, Frutuoso Severo e Severino Alc\u00e2ntara e objetiva fortalecer um cons\u00f3rcio de culturas do umbu com palma, seriguela, pinha e sisal(agave) al\u00e9m da inclus\u00e3o de mudas de cact\u00e1ceas por sementes e arboriza\u00e7\u00e3o com esp\u00e9cies da caatinga.<\/p>\n\n\n\n<p>\u201cA gente j\u00e1 est\u00e1 se organizando com iniciativas para o D\u00e9cimo Festival do Umbu que est\u00e1 com data prevista para a primeira semana de maio, a gente ainda vai definir os dias dessa semana de maio e os alunos j\u00e1 est\u00e3o organizando o campo que contar\u00e1 com uma \u00e1rea esse ano junto com o pessoal da universidade(UFCG\/Sum\u00e9), tendo em vista que a escola agr\u00edcola se encontra dentro da universidade federal, CDSA de Sum\u00e9, e a gente vai fazer plantio do umbu, seriguela e de outras planta\u00e7\u00f5es que vai ser inaugurada no primeiro dia do festival do umbu\u201d, explica ao dialogar com St\u00fadio Rural. Fonte: St\u00fadio Rural\u00a0<\/p>\n","protected":false},"excerpt":{"rendered":"<p>Estudantes e professores da Escola Agrot\u00e9cnica de Ensino Fundamental Deputado Evaldo Gon\u00e7alves de Queiroz, em Sum\u00e9, Cariri Ocidental paraibano, est\u00e3o desenvolvendo um trabalho de campo&hellip; <\/p>\n","protected":false},"author":2,"featured_media":156917,"comment_status":"closed","ping_status":"closed","sticky":false,"template":"","format":"standard","meta":{"sfsi_plus_gutenberg_text_before_share":"","sfsi_plus_gutenberg_show_text_before_share":"","sfsi_plus_gutenberg_icon_type":"","sfsi_plus_gutenberg_icon_alignemt":"","sfsi_plus_gutenburg_max_per_row":"","footnotes":""},"categories":[14],"tags":[],"class_list":["post-156916","post","type-post","status-publish","format-standard","has-post-thumbnail","hentry","category-educacao"],"_links":{"self":[{"href":"https:\/\/www.caririemacao.com\/1\/wp-json\/wp\/v2\/posts\/156916","targetHints":{"allow":["GET"]}}],"collection":[{"href":"https:\/\/www.caririemacao.com\/1\/wp-json\/wp\/v2\/posts"}],"about":[{"href":"https:\/\/www.caririemacao.com\/1\/wp-json\/wp\/v2\/types\/post"}],"author":[{"embeddable":true,"href":"https:\/\/www.caririemacao.com\/1\/wp-json\/wp\/v2\/users\/2"}],"replies":[{"embeddable":true,"href":"https:\/\/www.caririemacao.com\/1\/wp-json\/wp\/v2\/comments?post=156916"}],"version-history":[{"count":1,"href":"https:\/\/www.caririemacao.com\/1\/wp-json\/wp\/v2\/posts\/156916\/revisions"}],"predecessor-version":[{"id":156918,"href":"https:\/\/www.caririemacao.com\/1\/wp-json\/wp\/v2\/posts\/156916\/revisions\/156918"}],"wp:featuredmedia":[{"embeddable":true,"href":"https:\/\/www.caririemacao.com\/1\/wp-json\/wp\/v2\/media\/156917"}],"wp:attachment":[{"href":"https:\/\/www.caririemacao.com\/1\/wp-json\/wp\/v2\/media?parent=156916"}],"wp:term":[{"taxonomy":"category","embeddable":true,"href":"https:\/\/www.caririemacao.com\/1\/wp-json\/wp\/v2\/categories?post=156916"},{"taxonomy":"post_tag","embeddable":true,"href":"https:\/\/www.caririemacao.com\/1\/wp-json\/wp\/v2\/tags?post=156916"}],"curies":[{"name":"wp","href":"https:\/\/api.w.org\/{rel}","templated":true}]}}