{"id":156923,"date":"2020-03-07T16:18:17","date_gmt":"2020-03-07T19:18:17","guid":{"rendered":"http:\/\/www.caririemacao.com\/1\/?p=156923"},"modified":"2020-03-07T16:18:19","modified_gmt":"2020-03-07T19:18:19","slug":"tres-homens-sao-mortos-a-tiros-dentro-de-carro-no-sertao-da-paraiba","status":"publish","type":"post","link":"https:\/\/www.caririemacao.com\/1\/2020\/03\/07\/tres-homens-sao-mortos-a-tiros-dentro-de-carro-no-sertao-da-paraiba\/","title":{"rendered":"Tr\u00eas homens s\u00e3o mortos a tiros dentro de carro no Sert\u00e3o da Para\u00edba"},"content":{"rendered":"\n<p>Tr\u00eas homens foram mortos a tiros na noite desta sexta-feira (6), em Brejo do Cruz, no Sert\u00e3o da Para\u00edba. Segundo informa\u00e7\u00f5es da Pol\u00edcia Militar, um outro homem que estava com o trio ficou ferido.<\/p>\n\n\n\n<p>O grupo de quatro homens estava em um carro quando foi abordado por uma dupla armada que estava em uma motocicleta. Os dois homens atiraram contra o ve\u00edculo e fugiram do local onde o crime aconteceu.<\/p>\n\n\n\n<p>A v\u00edtima que sobreviveu foi socorrida para o Hospital Municipal Dr. Odilon Maia Filho. A Unidade hospitalar informou que o homem deu entrada no local, foi transferido para outro hospital, mas n\u00e3o soube informar qual.<\/p>\n\n\n\n<p>\u00c0 PM, ele informou que mora no munic\u00edpio de Picu\u00ed, no Serid\u00f3 do estado, e que \u00e9 vendedor. Ele contou tamb\u00e9m que estava na cidade trabalhando com os homens que foram mortos.<\/p>\n\n\n\n<p>A pol\u00edcia ainda n\u00e3o sabe a motiva\u00e7\u00e3o do crime e continuar\u00e1 investigando o caso. At\u00e9 as 22h desta sexta, nenhum suspeito foi detido.<\/p>\n\n\n\n<p>* Com informa\u00e7\u00f5es do G1PB<\/p>\n","protected":false},"excerpt":{"rendered":"<p>Tr\u00eas homens foram mortos a tiros na noite desta sexta-feira (6), em Brejo do Cruz, no Sert\u00e3o da Para\u00edba. Segundo informa\u00e7\u00f5es da Pol\u00edcia Militar, um&hellip; <\/p>\n","protected":false},"author":2,"featured_media":156924,"comment_status":"closed","ping_status":"closed","sticky":false,"template":"","format":"standard","meta":{"sfsi_plus_gutenberg_text_before_share":"","sfsi_plus_gutenberg_show_text_before_share":"","sfsi_plus_gutenberg_icon_type":"","sfsi_plus_gutenberg_icon_alignemt":"","sfsi_plus_gutenburg_max_per_row":"","footnotes":""},"categories":[12],"tags":[],"class_list":["post-156923","post","type-post","status-publish","format-standard","has-post-thumbnail","hentry","category-policia"],"_links":{"self":[{"href":"https:\/\/www.caririemacao.com\/1\/wp-json\/wp\/v2\/posts\/156923","targetHints":{"allow":["GET"]}}],"collection":[{"href":"https:\/\/www.caririemacao.com\/1\/wp-json\/wp\/v2\/posts"}],"about":[{"href":"https:\/\/www.caririemacao.com\/1\/wp-json\/wp\/v2\/types\/post"}],"author":[{"embeddable":true,"href":"https:\/\/www.caririemacao.com\/1\/wp-json\/wp\/v2\/users\/2"}],"replies":[{"embeddable":true,"href":"https:\/\/www.caririemacao.com\/1\/wp-json\/wp\/v2\/comments?post=156923"}],"version-history":[{"count":1,"href":"https:\/\/www.caririemacao.com\/1\/wp-json\/wp\/v2\/posts\/156923\/revisions"}],"predecessor-version":[{"id":156925,"href":"https:\/\/www.caririemacao.com\/1\/wp-json\/wp\/v2\/posts\/156923\/revisions\/156925"}],"wp:featuredmedia":[{"embeddable":true,"href":"https:\/\/www.caririemacao.com\/1\/wp-json\/wp\/v2\/media\/156924"}],"wp:attachment":[{"href":"https:\/\/www.caririemacao.com\/1\/wp-json\/wp\/v2\/media?parent=156923"}],"wp:term":[{"taxonomy":"category","embeddable":true,"href":"https:\/\/www.caririemacao.com\/1\/wp-json\/wp\/v2\/categories?post=156923"},{"taxonomy":"post_tag","embeddable":true,"href":"https:\/\/www.caririemacao.com\/1\/wp-json\/wp\/v2\/tags?post=156923"}],"curies":[{"name":"wp","href":"https:\/\/api.w.org\/{rel}","templated":true}]}}