{"id":156928,"date":"2020-03-07T16:22:15","date_gmt":"2020-03-07T19:22:15","guid":{"rendered":"http:\/\/www.caririemacao.com\/1\/?p=156928"},"modified":"2020-03-07T16:22:17","modified_gmt":"2020-03-07T19:22:17","slug":"campinense-e-perilima-abrem-setima-rodada-do-paraibano-2020","status":"publish","type":"post","link":"https:\/\/www.caririemacao.com\/1\/2020\/03\/07\/campinense-e-perilima-abrem-setima-rodada-do-paraibano-2020\/","title":{"rendered":"Campinense e Perilima abrem s\u00e9tima rodada do Paraibano 2020"},"content":{"rendered":"\n<p> Em situa\u00e7\u00f5es distintas na t\u00e1bua de classifica\u00e7\u00e3o das suas respectivas chaves, Campinense e Perilima entram em campo logo mais, \u00e0s 18h30, para abrir a s\u00e9tima rodada do Campeonato Paraibano 2020.<\/p>\n\n\n\n<p>Desfalcado, o Rubro-Negro quer acumular mais uma vit\u00f3ria para chegar aos 13 pontos e se tranquilizar na lideran\u00e7a do Grupo B.<\/p>\n\n\n\n<p>Para tanto, o t\u00e9cnico Oliveira Canind\u00e9 n\u00e3o vai poder contar com os zagueiros Uesles, suspenso com tr\u00eas cart\u00f5es amarelos, Alex Maranh\u00e3o e Vit\u00e3o, lesionados. O meia Rom\u00e1rio Becker e o atacante F\u00e1bio J\u00fanior seguem entregues ao Departamento M\u00e9dico.<\/p>\n\n\n\n<p>A tend\u00eancia \u00e9 Camargo e Dorgival, \u00fanicos defensores dispon\u00edveis no elenco, formarem o miolo de zaga da Raposa.<\/p>\n\n\n\n<figure class=\"wp-block-image\"><img decoding=\"async\" data-src=\"https:\/\/paraibaonline.com.br\/wp-content\/uploads\/2020\/03\/CCxPeri.jpg\" alt=\"Para\u00edba Online \u2022 Campinense e Perilima abrem s\u00e9tima rodada do Paraibano 2020\" class=\"wp-image-841893 lazyload\" src=\"data:image\/svg+xml;base64,PHN2ZyB3aWR0aD0iMSIgaGVpZ2h0PSIxIiB4bWxucz0iaHR0cDovL3d3dy53My5vcmcvMjAwMC9zdmciPjwvc3ZnPg==\" \/><\/figure>\n\n\n\n<p>Foto: Ascom \/ Desportiva Perilima<\/p>\n\n\n\n<p>J\u00e1 o t\u00e9cnico Eudes Pedro, da Perilima, tem praticamente todo o plantel \u00e0 disposi\u00e7\u00e3o. O zagueiro Jairo, que cumpriu suspens\u00e3o autom\u00e1tica na derrota para o Sousa, deve voltar ao time titular.<\/p>\n\n\n\n<p>A \u00c1guia soma sete pontos e ocupa a pen\u00faltima coloca\u00e7\u00e3o do Grupo A.<\/p>\n\n\n\n<p><strong>Arbitragem<\/strong><\/p>\n\n\n\n<p>Thiago Galdino apita Campinense x Perilima, com Ruan Neres e Adailton Anacleto nas assist\u00eancias. Gilberto Sobral \u00e9 o quarto \u00e1rbitro.<\/p>\n\n\n\n<p><strong>Prov\u00e1veis escala\u00e7\u00f5es<\/strong><\/p>\n\n\n\n<p><strong>Campinense:<\/strong>&nbsp;Adilson J\u00fanior, J\u00f3, Dorgival, Camargo e Matheus Silva; Peu, Gabriel Vieira, Aleff e Vargas; Rafael Ibiapino e Z\u00e9 Paulo. T\u00e9cnico: Oliveira Canind\u00e9.<\/p>\n\n\n\n<p><strong>Perilima<\/strong>: Conrado, Birungueta, Lucas Bahia, Jairo e Dudu Para\u00edba; Negretti, Carlos Maia, Lucas Silva, Carlos Maia, Fernandes e Marcelinho Para\u00edba; Igor Balotelli. T\u00e9cnico: Eudes Pedro.<\/p>\n","protected":false},"excerpt":{"rendered":"<p>Em situa\u00e7\u00f5es distintas na t\u00e1bua de classifica\u00e7\u00e3o das suas respectivas chaves, Campinense e Perilima entram em campo logo mais, \u00e0s 18h30, para abrir a s\u00e9tima&hellip; <\/p>\n","protected":false},"author":2,"featured_media":156929,"comment_status":"closed","ping_status":"closed","sticky":false,"template":"","format":"standard","meta":{"sfsi_plus_gutenberg_text_before_share":"","sfsi_plus_gutenberg_show_text_before_share":"","sfsi_plus_gutenberg_icon_type":"","sfsi_plus_gutenberg_icon_alignemt":"","sfsi_plus_gutenburg_max_per_row":"","footnotes":""},"categories":[13],"tags":[],"class_list":["post-156928","post","type-post","status-publish","format-standard","has-post-thumbnail","hentry","category-esportes"],"_links":{"self":[{"href":"https:\/\/www.caririemacao.com\/1\/wp-json\/wp\/v2\/posts\/156928","targetHints":{"allow":["GET"]}}],"collection":[{"href":"https:\/\/www.caririemacao.com\/1\/wp-json\/wp\/v2\/posts"}],"about":[{"href":"https:\/\/www.caririemacao.com\/1\/wp-json\/wp\/v2\/types\/post"}],"author":[{"embeddable":true,"href":"https:\/\/www.caririemacao.com\/1\/wp-json\/wp\/v2\/users\/2"}],"replies":[{"embeddable":true,"href":"https:\/\/www.caririemacao.com\/1\/wp-json\/wp\/v2\/comments?post=156928"}],"version-history":[{"count":1,"href":"https:\/\/www.caririemacao.com\/1\/wp-json\/wp\/v2\/posts\/156928\/revisions"}],"predecessor-version":[{"id":156930,"href":"https:\/\/www.caririemacao.com\/1\/wp-json\/wp\/v2\/posts\/156928\/revisions\/156930"}],"wp:featuredmedia":[{"embeddable":true,"href":"https:\/\/www.caririemacao.com\/1\/wp-json\/wp\/v2\/media\/156929"}],"wp:attachment":[{"href":"https:\/\/www.caririemacao.com\/1\/wp-json\/wp\/v2\/media?parent=156928"}],"wp:term":[{"taxonomy":"category","embeddable":true,"href":"https:\/\/www.caririemacao.com\/1\/wp-json\/wp\/v2\/categories?post=156928"},{"taxonomy":"post_tag","embeddable":true,"href":"https:\/\/www.caririemacao.com\/1\/wp-json\/wp\/v2\/tags?post=156928"}],"curies":[{"name":"wp","href":"https:\/\/api.w.org\/{rel}","templated":true}]}}