{"id":156931,"date":"2020-03-07T16:26:25","date_gmt":"2020-03-07T19:26:25","guid":{"rendered":"http:\/\/www.caririemacao.com\/1\/?p=156931"},"modified":"2020-03-07T16:26:27","modified_gmt":"2020-03-07T19:26:27","slug":"agora-e-o-cidadao-em-primeiro-lugar-diz-bolsonaro-sobre-inmetro","status":"publish","type":"post","link":"https:\/\/www.caririemacao.com\/1\/2020\/03\/07\/agora-e-o-cidadao-em-primeiro-lugar-diz-bolsonaro-sobre-inmetro\/","title":{"rendered":"\u201cAgora \u00e9 o cidad\u00e3o em primeiro lugar\u201d, diz Bolsonaro sobre Inmetro"},"content":{"rendered":"\n<p> Em sua conta no Twiiter na manh\u00e3 deste s\u00e1bado (7) o presidente Jair Bolsonaro falou sobre o Inmetro, Instituto Nacional de Metrologia, Qualidade e Tecnologia.<\/p>\n\n\n\n<p>O presidente disse que sob nova presid\u00eancia e diretoria, novos tac\u00f3grafos, tax\u00edmetros e<em>&nbsp;chips<\/em>,&nbsp; \u201cque acarretariam custos para o consumidor, foram deixados para tr\u00e1s. \u201cAgora \u00e9 o cidad\u00e3o em primeiro lugar. Nada ser\u00e1 criado para botar na conta do cidad\u00e3o\u201d, afirmou.<\/p>\n\n\n\n<p>No s\u00e1bado de Carnaval, em uma declara\u00e7\u00e3o dada na frente de um supermercado no Guaruj\u00e1 (SP), o presidente anunciou que havia demitido toda a dire\u00e7\u00e3o do Inmetro.<\/p>\n\n\n\n<p>\u201cImplodi o Inmetro. Implodi. Mandei todo mundo embora. Por qu\u00ea? H\u00e1 poucos meses assinaram portaria para trocar tac\u00f3grafos. Em vez de ser o normal que est\u00e1 a\u00ed, inventaram um digital. Ele \u00e9 aferido de dois em dois anos. Passaram para um. Mandei acabar com isso a\u00ed\u201d, declarou o presidente \u00e0 \u00e9poca depois de uma portaria editada pelo \u00f3rg\u00e3o determinava a troca de tac\u00f3grafos anal\u00f3gicos pelos digitais.<\/p>\n\n\n\n<p>\u201cCome\u00e7ou no Rio, n\u00e3o sei se veio para S\u00e3o Paulo, trocar os tax\u00edmetros. Mas por qu\u00ea? Quatrocentos cada um. Os tac\u00f3grafos, 1.900. Multiplique por milh\u00f5es de ve\u00edculos que mexem com tac\u00f3grafos. T\u00e1xi s\u00f3 no Rio s\u00e3o 40 mil\u201d, disse.<\/p>\n\n\n\n<p>O tac\u00f3grafo \u00e9 usado para medir a dist\u00e2ncia percorrida, velocidade desenvolvida e tempos de parada e dire\u00e7\u00e3o dos ve\u00edculos. De acordo com Bolsonaro, a portaria do Inmetro iria prejudicar os taxistas.<\/p>\n\n\n\n<p>Antes mesmo da declara\u00e7\u00e3o do presidente, no dia 17 de fevereiro, o&nbsp;<em>Di\u00e1rio Oficial da Uni\u00e3o<\/em>&nbsp;j\u00e1 havia publicado a exonera\u00e7\u00e3o de Angela Flores Furtado, da presid\u00eancia do \u00f3rg\u00e3o. Ela foi substitu\u00edda pelo coronel do Ex\u00e9rcito Marcos Heleno Guerson de Oliveira J\u00fanior.<\/p>\n\n\n\n<p>O Inmetro \u00e9 a autarquia federal respons\u00e1vel por executar pol\u00edticas nacionais de metrologia, fiscalizar o cumprimento de normas t\u00e9cnicas, m\u00e9todos e instrumentos de medi\u00e7\u00e3o e unidades de medida.<\/p>\n\n\n\n<figure class=\"wp-block-image\"><img decoding=\"async\" data-src=\"https:\/\/paraibaonline.com.br\/wp-content\/uploads\/2020\/03\/BOLSONARO-NOVA-567x378.jpg\" alt=\"Foto: Carolina Antunes\/PR\" class=\"wp-image-841867 lazyload\" src=\"data:image\/svg+xml;base64,PHN2ZyB3aWR0aD0iMSIgaGVpZ2h0PSIxIiB4bWxucz0iaHR0cDovL3d3dy53My5vcmcvMjAwMC9zdmciPjwvc3ZnPg==\" style=\"--smush-placeholder-width: 567px; --smush-placeholder-aspect-ratio: 567\/378;\" \/><\/figure>\n\n\n\n<p>Foto: Carolina Antunes\/PR<\/p>\n\n\n\n<p><strong>Estados Unidos<\/strong><\/p>\n\n\n\n<p>O presidente brasileiro e parte de sua equipe ministerial embarcaram, neste s\u00e1bado (7), para uma viagem de quatro dias a Miami, nos Estados Unidos.<\/p>\n\n\n\n<p>A agenda inclui encontros com pol\u00edticos e empres\u00e1rios norte-americanos, assinatura de acordos e visita \u00e0s instala\u00e7\u00f5es militares do Comando Sul, que \u00e9 a unidade das For\u00e7as Armadas do pa\u00eds respons\u00e1vel pela coopera\u00e7\u00e3o de seguran\u00e7a e opera\u00e7\u00f5es militares nos pa\u00edses da Am\u00e9rica Central e do Sul.<\/p>\n\n\n\n<p>Segundo Bolsonaro, ele ter\u00e1 um encontro com o presidente Donald Trump. \u201cDiscutiremos a\u00e7\u00f5es para aprofundar a coopera\u00e7\u00e3o entre Brasil e EUA nas \u00e1reas comercial, econ\u00f4mica e de defesa. Trataremos tamb\u00e9m de novos passos para fortalecer nossa alian\u00e7a na busca por um mundo mais seguro e livre\u201d, adiantou Bolsonaro sobre o encontro com Trump.<br><\/p>\n","protected":false},"excerpt":{"rendered":"<p>Em sua conta no Twiiter na manh\u00e3 deste s\u00e1bado (7) o presidente Jair Bolsonaro falou sobre o Inmetro, Instituto Nacional de Metrologia, Qualidade e Tecnologia.&hellip; <\/p>\n","protected":false},"author":2,"featured_media":156932,"comment_status":"closed","ping_status":"closed","sticky":false,"template":"","format":"standard","meta":{"sfsi_plus_gutenberg_text_before_share":"","sfsi_plus_gutenberg_show_text_before_share":"","sfsi_plus_gutenberg_icon_type":"","sfsi_plus_gutenberg_icon_alignemt":"","sfsi_plus_gutenburg_max_per_row":"","footnotes":""},"categories":[11],"tags":[],"class_list":["post-156931","post","type-post","status-publish","format-standard","has-post-thumbnail","hentry","category-politica"],"_links":{"self":[{"href":"https:\/\/www.caririemacao.com\/1\/wp-json\/wp\/v2\/posts\/156931","targetHints":{"allow":["GET"]}}],"collection":[{"href":"https:\/\/www.caririemacao.com\/1\/wp-json\/wp\/v2\/posts"}],"about":[{"href":"https:\/\/www.caririemacao.com\/1\/wp-json\/wp\/v2\/types\/post"}],"author":[{"embeddable":true,"href":"https:\/\/www.caririemacao.com\/1\/wp-json\/wp\/v2\/users\/2"}],"replies":[{"embeddable":true,"href":"https:\/\/www.caririemacao.com\/1\/wp-json\/wp\/v2\/comments?post=156931"}],"version-history":[{"count":1,"href":"https:\/\/www.caririemacao.com\/1\/wp-json\/wp\/v2\/posts\/156931\/revisions"}],"predecessor-version":[{"id":156933,"href":"https:\/\/www.caririemacao.com\/1\/wp-json\/wp\/v2\/posts\/156931\/revisions\/156933"}],"wp:featuredmedia":[{"embeddable":true,"href":"https:\/\/www.caririemacao.com\/1\/wp-json\/wp\/v2\/media\/156932"}],"wp:attachment":[{"href":"https:\/\/www.caririemacao.com\/1\/wp-json\/wp\/v2\/media?parent=156931"}],"wp:term":[{"taxonomy":"category","embeddable":true,"href":"https:\/\/www.caririemacao.com\/1\/wp-json\/wp\/v2\/categories?post=156931"},{"taxonomy":"post_tag","embeddable":true,"href":"https:\/\/www.caririemacao.com\/1\/wp-json\/wp\/v2\/tags?post=156931"}],"curies":[{"name":"wp","href":"https:\/\/api.w.org\/{rel}","templated":true}]}}