{"id":156939,"date":"2020-03-08T11:38:46","date_gmt":"2020-03-08T14:38:46","guid":{"rendered":"http:\/\/www.caririemacao.com\/1\/?p=156939"},"modified":"2020-03-08T11:38:48","modified_gmt":"2020-03-08T14:38:48","slug":"bandido-pede-carona-anuncia-assalto-e-rouba-moto-em-monteiro","status":"publish","type":"post","link":"https:\/\/www.caririemacao.com\/1\/2020\/03\/08\/bandido-pede-carona-anuncia-assalto-e-rouba-moto-em-monteiro\/","title":{"rendered":"Bandido pede carona, anuncia assalto e rouba moto em Monteiro"},"content":{"rendered":"\n<div class=\"wp-block-image\"><figure class=\"alignleft\"><img decoding=\"async\" data-src=\"https:\/\/i2.wp.com\/www.vitrinedocariri.com.br\/wp-content\/uploads\/2019\/03\/sirene_policia.jpg?resize=300%2C200&amp;ssl=1\" alt=\"\" class=\"wp-image-39248 lazyload\" src=\"data:image\/svg+xml;base64,PHN2ZyB3aWR0aD0iMSIgaGVpZ2h0PSIxIiB4bWxucz0iaHR0cDovL3d3dy53My5vcmcvMjAwMC9zdmciPjwvc3ZnPg==\" \/><\/figure><\/div>\n\n\n\n<p>Uma moto biz 125, cor preta, ano 2012\/2012, placa NPW 4202, foi tomada por assalto na madrugada deste s\u00e1bado, dia 7, na BR-412, em Monteiro.<\/p>\n\n\n\n<p>De acordo com informa\u00e7\u00f5es, por volta das 3 horas da madrugada, a v\u00edtima, um professor da rede municipal de ensino, parou ao ouvir o pedido de carona, sendo surpreendido pelo elemento que j\u00e1 na garupa da moto, com uma faca anunciou o assalto.<\/p>\n\n\n\n<p>A v\u00edtima registrou a ocorr\u00eancia na Delegacia de Monteiro e tamb\u00e9m acionou a Polic\u00eda Militar que realizou dilig\u00eancias sem \u00eaxito at\u00e9 o momento.<\/p>\n\n\n\n<p>Com R\u00e1dio Cidade Sum\u00e9<\/p>\n","protected":false},"excerpt":{"rendered":"<p>Uma moto biz 125, cor preta, ano 2012\/2012, placa NPW 4202, foi tomada por assalto na madrugada deste s\u00e1bado, dia 7, na BR-412, em Monteiro.&hellip; <\/p>\n","protected":false},"author":2,"featured_media":156647,"comment_status":"closed","ping_status":"closed","sticky":false,"template":"","format":"standard","meta":{"sfsi_plus_gutenberg_text_before_share":"","sfsi_plus_gutenberg_show_text_before_share":"","sfsi_plus_gutenberg_icon_type":"","sfsi_plus_gutenberg_icon_alignemt":"","sfsi_plus_gutenburg_max_per_row":"","footnotes":""},"categories":[12],"tags":[],"class_list":["post-156939","post","type-post","status-publish","format-standard","has-post-thumbnail","hentry","category-policia"],"_links":{"self":[{"href":"https:\/\/www.caririemacao.com\/1\/wp-json\/wp\/v2\/posts\/156939","targetHints":{"allow":["GET"]}}],"collection":[{"href":"https:\/\/www.caririemacao.com\/1\/wp-json\/wp\/v2\/posts"}],"about":[{"href":"https:\/\/www.caririemacao.com\/1\/wp-json\/wp\/v2\/types\/post"}],"author":[{"embeddable":true,"href":"https:\/\/www.caririemacao.com\/1\/wp-json\/wp\/v2\/users\/2"}],"replies":[{"embeddable":true,"href":"https:\/\/www.caririemacao.com\/1\/wp-json\/wp\/v2\/comments?post=156939"}],"version-history":[{"count":1,"href":"https:\/\/www.caririemacao.com\/1\/wp-json\/wp\/v2\/posts\/156939\/revisions"}],"predecessor-version":[{"id":156940,"href":"https:\/\/www.caririemacao.com\/1\/wp-json\/wp\/v2\/posts\/156939\/revisions\/156940"}],"wp:featuredmedia":[{"embeddable":true,"href":"https:\/\/www.caririemacao.com\/1\/wp-json\/wp\/v2\/media\/156647"}],"wp:attachment":[{"href":"https:\/\/www.caririemacao.com\/1\/wp-json\/wp\/v2\/media?parent=156939"}],"wp:term":[{"taxonomy":"category","embeddable":true,"href":"https:\/\/www.caririemacao.com\/1\/wp-json\/wp\/v2\/categories?post=156939"},{"taxonomy":"post_tag","embeddable":true,"href":"https:\/\/www.caririemacao.com\/1\/wp-json\/wp\/v2\/tags?post=156939"}],"curies":[{"name":"wp","href":"https:\/\/api.w.org\/{rel}","templated":true}]}}