{"id":156952,"date":"2020-03-08T11:51:04","date_gmt":"2020-03-08T14:51:04","guid":{"rendered":"http:\/\/www.caririemacao.com\/1\/?p=156952"},"modified":"2020-03-08T11:51:06","modified_gmt":"2020-03-08T14:51:06","slug":"morte-na-argentina-e-a-primeira-na-america-latina-por-coronavirus","status":"publish","type":"post","link":"https:\/\/www.caririemacao.com\/1\/2020\/03\/08\/morte-na-argentina-e-a-primeira-na-america-latina-por-coronavirus\/","title":{"rendered":"Morte na Argentina \u00e9 a primeira na Am\u00e9rica Latina por coronav\u00edrus"},"content":{"rendered":"\n<p>A Argentina confirmou neste s\u00e1bado (7) a primeira morte no pa\u00eds por Covid-19, a doen\u00e7a causada pelo novo coronav\u00edrus. A v\u00edtima tamb\u00e9m \u00e9 a primeira da Am\u00e9rica Latina.<\/p>\n\n\n\n<p>O paciente que morreu era um homem de 64 anos que esteve na Fran\u00e7a. Segundo o di\u00e1rio &#8220;El Clar\u00edn&#8221;, a v\u00edtima regressou para a Argentina em 25 de fevereiro e tinha doen\u00e7as preexistentes que agravaram o quadro.<\/p>\n\n\n\n<p>Na sexta-feira (6), o governo argentino confirmou seis novos casos da doen\u00e7a. Ao todo, o pa\u00eds registrava oito pessoas infectadas.<\/p>\n\n\n\n<p>Neste s\u00e1bado, um balan\u00e7o realizado pela AFP, com base em dados oficiais, apontou que o n\u00famero global de notifica\u00e7\u00f5es de infec\u00e7\u00e3o pelo coronav\u00edrus \u00e9 de 104.901 casos, com 3.556 \u00f3bitos, em 95 pa\u00edses e territ\u00f3rios.<\/p>\n","protected":false},"excerpt":{"rendered":"<p>A Argentina confirmou neste s\u00e1bado (7) a primeira morte no pa\u00eds por Covid-19, a doen\u00e7a causada pelo novo coronav\u00edrus. A v\u00edtima tamb\u00e9m \u00e9 a primeira&hellip; <\/p>\n","protected":false},"author":2,"featured_media":156953,"comment_status":"closed","ping_status":"closed","sticky":false,"template":"","format":"standard","meta":{"sfsi_plus_gutenberg_text_before_share":"","sfsi_plus_gutenberg_show_text_before_share":"","sfsi_plus_gutenberg_icon_type":"","sfsi_plus_gutenberg_icon_alignemt":"","sfsi_plus_gutenburg_max_per_row":"","footnotes":""},"categories":[16],"tags":[],"class_list":["post-156952","post","type-post","status-publish","format-standard","has-post-thumbnail","hentry","category-saude"],"_links":{"self":[{"href":"https:\/\/www.caririemacao.com\/1\/wp-json\/wp\/v2\/posts\/156952","targetHints":{"allow":["GET"]}}],"collection":[{"href":"https:\/\/www.caririemacao.com\/1\/wp-json\/wp\/v2\/posts"}],"about":[{"href":"https:\/\/www.caririemacao.com\/1\/wp-json\/wp\/v2\/types\/post"}],"author":[{"embeddable":true,"href":"https:\/\/www.caririemacao.com\/1\/wp-json\/wp\/v2\/users\/2"}],"replies":[{"embeddable":true,"href":"https:\/\/www.caririemacao.com\/1\/wp-json\/wp\/v2\/comments?post=156952"}],"version-history":[{"count":1,"href":"https:\/\/www.caririemacao.com\/1\/wp-json\/wp\/v2\/posts\/156952\/revisions"}],"predecessor-version":[{"id":156954,"href":"https:\/\/www.caririemacao.com\/1\/wp-json\/wp\/v2\/posts\/156952\/revisions\/156954"}],"wp:featuredmedia":[{"embeddable":true,"href":"https:\/\/www.caririemacao.com\/1\/wp-json\/wp\/v2\/media\/156953"}],"wp:attachment":[{"href":"https:\/\/www.caririemacao.com\/1\/wp-json\/wp\/v2\/media?parent=156952"}],"wp:term":[{"taxonomy":"category","embeddable":true,"href":"https:\/\/www.caririemacao.com\/1\/wp-json\/wp\/v2\/categories?post=156952"},{"taxonomy":"post_tag","embeddable":true,"href":"https:\/\/www.caririemacao.com\/1\/wp-json\/wp\/v2\/tags?post=156952"}],"curies":[{"name":"wp","href":"https:\/\/api.w.org\/{rel}","templated":true}]}}