{"id":156957,"date":"2020-03-08T12:58:45","date_gmt":"2020-03-08T15:58:45","guid":{"rendered":"http:\/\/www.caririemacao.com\/1\/?p=156957"},"modified":"2020-03-08T12:58:47","modified_gmt":"2020-03-08T15:58:47","slug":"eleicoes-2020-prefeito-de-camalau-vai-disputar-reeleicao-no-psdb","status":"publish","type":"post","link":"https:\/\/www.caririemacao.com\/1\/2020\/03\/08\/eleicoes-2020-prefeito-de-camalau-vai-disputar-reeleicao-no-psdb\/","title":{"rendered":"Elei\u00e7\u00f5es 2020: prefeito de Camala\u00fa vai disputar reelei\u00e7\u00e3o no PSDB"},"content":{"rendered":"\n<figure class=\"wp-block-image\"><img decoding=\"async\" data-src=\"http:\/\/www.blogdobrunolira.com.br\/wp-content\/uploads\/2020\/03\/unnamed-13.jpg\" alt=\"\" src=\"data:image\/svg+xml;base64,PHN2ZyB3aWR0aD0iMSIgaGVpZ2h0PSIxIiB4bWxucz0iaHR0cDovL3d3dy53My5vcmcvMjAwMC9zdmciPjwvc3ZnPg==\" class=\"lazyload\" \/><\/figure>\n\n\n\n<p>O prefeito de Camala\u00fa, Sandro M\u00f4co, j\u00e1 decidiu que fica no PSDB para concorrer o pleito eleitoral deste ano. Sandro foi eleito em 2016 no partido e n\u00e3o ver motivos para deixar a legenda.<\/p>\n\n\n\n<p>O gestor destacou a parceria com o deputado federal, Pedro Cunha Lima, presidente estadual do PSDB na destina\u00e7\u00e3o de emendas para investimento em Camala\u00fa. Sandro tamb\u00e9m demonstrou gratid\u00e3o ao ex-senador C\u00e1ssio Cunha Lima, que quando estava no Senado destinou recursos para a cidade.<\/p>\n\n\n\n<blockquote class=\"wp-block-quote is-layout-flow wp-block-quote-is-layout-flow\"><p>\u201cO PSDB \u00e9 o partido que tem dado sustentabilidade a nossa gest\u00e3o em Camala\u00fa\u201d, expressou o prefeito Sandro M\u00f4co.<\/p><\/blockquote>\n\n\n\n<p><strong>Blog do Bruno Lira<\/strong><\/p>\n","protected":false},"excerpt":{"rendered":"<p>O prefeito de Camala\u00fa, Sandro M\u00f4co, j\u00e1 decidiu que fica no PSDB para concorrer o pleito eleitoral deste ano. Sandro foi eleito em 2016 no&hellip; <\/p>\n","protected":false},"author":2,"featured_media":156958,"comment_status":"closed","ping_status":"closed","sticky":false,"template":"","format":"standard","meta":{"sfsi_plus_gutenberg_text_before_share":"","sfsi_plus_gutenberg_show_text_before_share":"","sfsi_plus_gutenberg_icon_type":"","sfsi_plus_gutenberg_icon_alignemt":"","sfsi_plus_gutenburg_max_per_row":"","footnotes":""},"categories":[6,50],"tags":[],"class_list":["post-156957","post","type-post","status-publish","format-standard","has-post-thumbnail","hentry","category-cidades","category-destaque"],"_links":{"self":[{"href":"https:\/\/www.caririemacao.com\/1\/wp-json\/wp\/v2\/posts\/156957","targetHints":{"allow":["GET"]}}],"collection":[{"href":"https:\/\/www.caririemacao.com\/1\/wp-json\/wp\/v2\/posts"}],"about":[{"href":"https:\/\/www.caririemacao.com\/1\/wp-json\/wp\/v2\/types\/post"}],"author":[{"embeddable":true,"href":"https:\/\/www.caririemacao.com\/1\/wp-json\/wp\/v2\/users\/2"}],"replies":[{"embeddable":true,"href":"https:\/\/www.caririemacao.com\/1\/wp-json\/wp\/v2\/comments?post=156957"}],"version-history":[{"count":1,"href":"https:\/\/www.caririemacao.com\/1\/wp-json\/wp\/v2\/posts\/156957\/revisions"}],"predecessor-version":[{"id":156959,"href":"https:\/\/www.caririemacao.com\/1\/wp-json\/wp\/v2\/posts\/156957\/revisions\/156959"}],"wp:featuredmedia":[{"embeddable":true,"href":"https:\/\/www.caririemacao.com\/1\/wp-json\/wp\/v2\/media\/156958"}],"wp:attachment":[{"href":"https:\/\/www.caririemacao.com\/1\/wp-json\/wp\/v2\/media?parent=156957"}],"wp:term":[{"taxonomy":"category","embeddable":true,"href":"https:\/\/www.caririemacao.com\/1\/wp-json\/wp\/v2\/categories?post=156957"},{"taxonomy":"post_tag","embeddable":true,"href":"https:\/\/www.caririemacao.com\/1\/wp-json\/wp\/v2\/tags?post=156957"}],"curies":[{"name":"wp","href":"https:\/\/api.w.org\/{rel}","templated":true}]}}