{"id":156973,"date":"2020-03-09T06:38:14","date_gmt":"2020-03-09T09:38:14","guid":{"rendered":"http:\/\/www.caririemacao.com\/1\/?p=156973"},"modified":"2020-03-09T06:38:16","modified_gmt":"2020-03-09T09:38:16","slug":"exclusivo-livramentense-morre-afogado-em-acude-neste-domingo","status":"publish","type":"post","link":"https:\/\/www.caririemacao.com\/1\/2020\/03\/09\/exclusivo-livramentense-morre-afogado-em-acude-neste-domingo\/","title":{"rendered":"EXCLUSIVO: Livramentense morre afogado em a\u00e7ude neste domingo"},"content":{"rendered":"\n<p>Um homem identificado como Jos\u00e9 Ivan, mais conhecido como Z\u00e9 de Miguelzinho, morreu afogado no a\u00e7ude do Estado, munic\u00edpio de Livramento.<\/p>\n\n\n\n<div class=\"wp-block-image\"><figure class=\"alignright\"><img decoding=\"async\" data-src=\"http:\/\/deolhonocariri.com.br\/wp-content\/uploads\/2020\/03\/484D9D67-06B4-4402-9757-54ABD322C72A.jpeg\" alt=\"\" class=\"wp-image-78880 lazyload\" src=\"data:image\/svg+xml;base64,PHN2ZyB3aWR0aD0iMSIgaGVpZ2h0PSIxIiB4bWxucz0iaHR0cDovL3d3dy53My5vcmcvMjAwMC9zdmciPjwvc3ZnPg==\" \/><\/figure><\/div>\n\n\n\n<p>Segundo informa\u00e7\u00f5es de populares apuradas pelo portal De Olho no Cariri, Jos\u00e9 Ivan estava pescando com amigos \u00e0s margens do reservat\u00f3rio, quando resolveu dar um mergulho e se afogou.<\/p>\n\n\n\n<p>Os presentes ainda tentaram socorr\u00ea-lo, chamaram por ajuda especializada, mas a v\u00edtima j\u00e1 foi encontrada sem vida.<\/p>\n\n\n\n<p>O corpo est\u00e1 no a\u00e7ude \u00e0 espera do IML.<\/p>\n\n\n\n<p><strong>De Olho no Cariri<\/strong><\/p>\n","protected":false},"excerpt":{"rendered":"<p>Um homem identificado como Jos\u00e9 Ivan, mais conhecido como Z\u00e9 de Miguelzinho, morreu afogado no a\u00e7ude do Estado, munic\u00edpio de Livramento. Segundo informa\u00e7\u00f5es de populares&hellip; <\/p>\n","protected":false},"author":2,"featured_media":156974,"comment_status":"closed","ping_status":"closed","sticky":false,"template":"","format":"standard","meta":{"sfsi_plus_gutenberg_text_before_share":"","sfsi_plus_gutenberg_show_text_before_share":"","sfsi_plus_gutenberg_icon_type":"","sfsi_plus_gutenberg_icon_alignemt":"","sfsi_plus_gutenburg_max_per_row":"","footnotes":""},"categories":[12],"tags":[],"class_list":["post-156973","post","type-post","status-publish","format-standard","has-post-thumbnail","hentry","category-policia"],"_links":{"self":[{"href":"https:\/\/www.caririemacao.com\/1\/wp-json\/wp\/v2\/posts\/156973","targetHints":{"allow":["GET"]}}],"collection":[{"href":"https:\/\/www.caririemacao.com\/1\/wp-json\/wp\/v2\/posts"}],"about":[{"href":"https:\/\/www.caririemacao.com\/1\/wp-json\/wp\/v2\/types\/post"}],"author":[{"embeddable":true,"href":"https:\/\/www.caririemacao.com\/1\/wp-json\/wp\/v2\/users\/2"}],"replies":[{"embeddable":true,"href":"https:\/\/www.caririemacao.com\/1\/wp-json\/wp\/v2\/comments?post=156973"}],"version-history":[{"count":1,"href":"https:\/\/www.caririemacao.com\/1\/wp-json\/wp\/v2\/posts\/156973\/revisions"}],"predecessor-version":[{"id":156975,"href":"https:\/\/www.caririemacao.com\/1\/wp-json\/wp\/v2\/posts\/156973\/revisions\/156975"}],"wp:featuredmedia":[{"embeddable":true,"href":"https:\/\/www.caririemacao.com\/1\/wp-json\/wp\/v2\/media\/156974"}],"wp:attachment":[{"href":"https:\/\/www.caririemacao.com\/1\/wp-json\/wp\/v2\/media?parent=156973"}],"wp:term":[{"taxonomy":"category","embeddable":true,"href":"https:\/\/www.caririemacao.com\/1\/wp-json\/wp\/v2\/categories?post=156973"},{"taxonomy":"post_tag","embeddable":true,"href":"https:\/\/www.caririemacao.com\/1\/wp-json\/wp\/v2\/tags?post=156973"}],"curies":[{"name":"wp","href":"https:\/\/api.w.org\/{rel}","templated":true}]}}