{"id":156980,"date":"2020-03-09T06:44:30","date_gmt":"2020-03-09T09:44:30","guid":{"rendered":"http:\/\/www.caririemacao.com\/1\/?p=156980"},"modified":"2020-03-09T06:44:32","modified_gmt":"2020-03-09T09:44:32","slug":"sao-s-do-umbuzeiro-cariri-mundo-noticias-paraiba-politica-sites-parceiros-seguir-prefeito-adriano-wolff-e-comitiva-sao-recebidos-por-superintendente-do-incra-pb-e-encaminha-pedidos-dos-assentados-d","status":"publish","type":"post","link":"https:\/\/www.caririemacao.com\/1\/2020\/03\/09\/sao-s-do-umbuzeiro-cariri-mundo-noticias-paraiba-politica-sites-parceiros-seguir-prefeito-adriano-wolff-e-comitiva-sao-recebidos-por-superintendente-do-incra-pb-e-encaminha-pedidos-dos-assentados-d\/","title":{"rendered":"S\u00c3O S. DO UMBUZEIRO CARIRI MUNDO NOT\u00cdCIAS PARA\u00cdBA POL\u00cdTICA SITES PARCEIROS SEGUIR   Prefeito Adriano Wolff e comitiva s\u00e3o recebidos por SUPERINTENDENTE do INCRA PB e encaminha pedidos dos assentados do munic\u00edpio"},"content":{"rendered":"\n<p>prefeito Adriano Wolff esteve na sede estadual do INCRA PB em busca de solu\u00e7\u00f5es para quest\u00f5es relativas aos assentamentos do munic\u00edpio de S\u00e3o Sebastiao do Umbuzeiro.<br><\/p>\n\n\n\n<p>O prefeito esteve ao lado do secret\u00e1rio de agricultura Di\u00eago Elesb\u00e3o, al\u00e9m dos representantes de assentamentos, Cicero Paz , Presidente do Ass. MARIA BONITA e Ana Daniella, Presidente do Ass. ESTRELA DALVA.<br><\/p>\n\n\n\n<p>Na ocasi\u00e3o o prefeito Adriano foi recebido pelo Superintendente do INCRA PB Kleiber N\u00f3brega, que repassou v\u00e1rias informa\u00e7\u00f5es relevantes.<br>As demandas encaminhadas pelo prefeito e sua comitiva, eram sobre: titulariza\u00e7\u00e3o das terras, desbloqueios de Dap\u2019s, e principalmente o conv\u00eanio firmado junto a EMPAER, onde a mesma vai atender os assentados da reforma agr\u00e1ria na quest\u00e3o da emiss\u00e3o de Dap\u2019s.<br><\/p>\n\n\n\n<p>\u201cA nossa meta enquanto gest\u00e3o foi sempre buscar solu\u00e7\u00f5es e alternativas para facilitar a comunica\u00e7\u00e3o entre as institui\u00e7\u00f5es\u201d, comentou o secret\u00e1rio de agricultura Di\u00eago Elesb\u00e3o.<br><strong>F\u00c1BIO BRITO<\/strong><\/p>\n","protected":false},"excerpt":{"rendered":"<p>prefeito Adriano Wolff esteve na sede estadual do INCRA PB em busca de solu\u00e7\u00f5es para quest\u00f5es relativas aos assentamentos do munic\u00edpio de S\u00e3o Sebastiao do&hellip; <\/p>\n","protected":false},"author":2,"featured_media":156981,"comment_status":"closed","ping_status":"closed","sticky":false,"template":"","format":"standard","meta":{"sfsi_plus_gutenberg_text_before_share":"","sfsi_plus_gutenberg_show_text_before_share":"","sfsi_plus_gutenberg_icon_type":"","sfsi_plus_gutenberg_icon_alignemt":"","sfsi_plus_gutenburg_max_per_row":"","footnotes":""},"categories":[2],"tags":[],"class_list":["post-156980","post","type-post","status-publish","format-standard","has-post-thumbnail","hentry","category-geral"],"_links":{"self":[{"href":"https:\/\/www.caririemacao.com\/1\/wp-json\/wp\/v2\/posts\/156980","targetHints":{"allow":["GET"]}}],"collection":[{"href":"https:\/\/www.caririemacao.com\/1\/wp-json\/wp\/v2\/posts"}],"about":[{"href":"https:\/\/www.caririemacao.com\/1\/wp-json\/wp\/v2\/types\/post"}],"author":[{"embeddable":true,"href":"https:\/\/www.caririemacao.com\/1\/wp-json\/wp\/v2\/users\/2"}],"replies":[{"embeddable":true,"href":"https:\/\/www.caririemacao.com\/1\/wp-json\/wp\/v2\/comments?post=156980"}],"version-history":[{"count":1,"href":"https:\/\/www.caririemacao.com\/1\/wp-json\/wp\/v2\/posts\/156980\/revisions"}],"predecessor-version":[{"id":156982,"href":"https:\/\/www.caririemacao.com\/1\/wp-json\/wp\/v2\/posts\/156980\/revisions\/156982"}],"wp:featuredmedia":[{"embeddable":true,"href":"https:\/\/www.caririemacao.com\/1\/wp-json\/wp\/v2\/media\/156981"}],"wp:attachment":[{"href":"https:\/\/www.caririemacao.com\/1\/wp-json\/wp\/v2\/media?parent=156980"}],"wp:term":[{"taxonomy":"category","embeddable":true,"href":"https:\/\/www.caririemacao.com\/1\/wp-json\/wp\/v2\/categories?post=156980"},{"taxonomy":"post_tag","embeddable":true,"href":"https:\/\/www.caririemacao.com\/1\/wp-json\/wp\/v2\/tags?post=156980"}],"curies":[{"name":"wp","href":"https:\/\/api.w.org\/{rel}","templated":true}]}}