{"id":156986,"date":"2020-03-09T06:47:54","date_gmt":"2020-03-09T09:47:54","guid":{"rendered":"http:\/\/www.caririemacao.com\/1\/?p=156986"},"modified":"2020-03-09T06:47:57","modified_gmt":"2020-03-09T09:47:57","slug":"sus-ofertara-exame-de-toxoplasmose-para-bebes","status":"publish","type":"post","link":"https:\/\/www.caririemacao.com\/1\/2020\/03\/09\/sus-ofertara-exame-de-toxoplasmose-para-bebes\/","title":{"rendered":"SUS ofertar\u00e1 exame de toxoplasmose para beb\u00eas"},"content":{"rendered":"\n<p>A partir deste ano, todos os rec\u00e9m-nascidos devem ser submetidos ao exame de toxoplasmose cong\u00eanita ao mesmo tempo em que \u00e9 realizado o Teste do Pezinho. Assim, a partir da amostra de sangue coletada do rec\u00e9m-nascido para a realiza\u00e7\u00e3o do Teste do Pezinho, tamb\u00e9m, ser\u00e1 feita a an\u00e1lise para a toxoplasmose transmitida da m\u00e3e para o beb\u00ea. Estudos mostram que a cada 10 mil nascimentos, entre 5 e 22 beb\u00eas possuem toxoplasmose. A medida foi publicada, nesta quinta-feira (5), no&nbsp;<a href=\"http:\/\/pesquisa.in.gov.br\/imprensa\/jsp\/visualiza\/index.jsp?data=05\/03\/2020&amp;jornal=515&amp;pagina=130&amp;totalArquivos=141\" target=\"_blank\" rel=\"noreferrer noopener\">Di\u00e1rio Oficial da Uni\u00e3o (DOU)<\/a>. Os servi\u00e7os p\u00fablicos de sa\u00fade de todo o pa\u00eds t\u00eam o prazo de 180 dias para ofertar a novidade \u00e0 popula\u00e7\u00e3o.<\/p>\n\n\n\n<p>A toxoplasmose cong\u00eanita \u00e9 uma doen\u00e7a infecciosa, transmitida da m\u00e3e para o filho durante a gravidez. Sem tratamento, a infec\u00e7\u00e3o durante a gesta\u00e7\u00e3o resulta em doen\u00e7a cong\u00eanita em cerca de 44% dos casos, ao passo que o tratamento apropriado reduz esse risco para 29%. O diagn\u00f3stico precoce da doen\u00e7a melhora a qualidade de vida das crian\u00e7as, reduzindo os sintomas, a gravidade dos sinais, como problemas na vis\u00e3o e na audi\u00e7\u00e3o, dificuldades mentais e motoras, e o n\u00famero de \u00f3bitos. Em 2018 foram registradas 26 mortes em decorr\u00eancia da doen\u00e7a.<\/p>\n\n\n\n<p>Para viabilizar a iniciativa, o Minist\u00e9rio da Sa\u00fade criou um grupo de trabalho com \u00e1reas t\u00e9cnicas que apoiar\u00e3o os estados no processo de implementa\u00e7\u00e3o das redes de cuidado da Toxoplasmose Cong\u00eanita dentro do prazo de 180 dias. Atualmente, a toxoplasmose cong\u00eanita s\u00f3 \u00e9 detectada por exames quando a crian\u00e7a j\u00e1 apresenta sintomas da doen\u00e7a. Devido ao risco para o beb\u00ea, uma adequada avalia\u00e7\u00e3o de pr\u00e9-natal \u00e9 necess\u00e1ria para evitar danos futuros ao seu desenvolvimento.<\/p>\n\n\n\n<p>O Sistema \u00danico de Sa\u00fade (SUS) tem infraestrutura para atender a crian\u00e7a infectada. O atendimento est\u00e1 previsto desde a Aten\u00e7\u00e3o Prim\u00e1ria at\u00e9 a Especializada. Nestes servi\u00e7os h\u00e1 equipes de sa\u00fade multidisciplinar preparadas para atender esses casos, no \u00e2mbito das metas de redu\u00e7\u00e3o da morbimortalidade e melhoria da qualidade de vida das crian\u00e7as.<\/p>\n\n\n\n<p>Not\u00edcias em Destaque<\/p>\n","protected":false},"excerpt":{"rendered":"<p>A partir deste ano, todos os rec\u00e9m-nascidos devem ser submetidos ao exame de toxoplasmose cong\u00eanita ao mesmo tempo em que \u00e9 realizado o Teste do&hellip; <\/p>\n","protected":false},"author":2,"featured_media":156987,"comment_status":"closed","ping_status":"closed","sticky":false,"template":"","format":"standard","meta":{"sfsi_plus_gutenberg_text_before_share":"","sfsi_plus_gutenberg_show_text_before_share":"","sfsi_plus_gutenberg_icon_type":"","sfsi_plus_gutenberg_icon_alignemt":"","sfsi_plus_gutenburg_max_per_row":"","footnotes":""},"categories":[2],"tags":[],"class_list":["post-156986","post","type-post","status-publish","format-standard","has-post-thumbnail","hentry","category-geral"],"_links":{"self":[{"href":"https:\/\/www.caririemacao.com\/1\/wp-json\/wp\/v2\/posts\/156986","targetHints":{"allow":["GET"]}}],"collection":[{"href":"https:\/\/www.caririemacao.com\/1\/wp-json\/wp\/v2\/posts"}],"about":[{"href":"https:\/\/www.caririemacao.com\/1\/wp-json\/wp\/v2\/types\/post"}],"author":[{"embeddable":true,"href":"https:\/\/www.caririemacao.com\/1\/wp-json\/wp\/v2\/users\/2"}],"replies":[{"embeddable":true,"href":"https:\/\/www.caririemacao.com\/1\/wp-json\/wp\/v2\/comments?post=156986"}],"version-history":[{"count":1,"href":"https:\/\/www.caririemacao.com\/1\/wp-json\/wp\/v2\/posts\/156986\/revisions"}],"predecessor-version":[{"id":156988,"href":"https:\/\/www.caririemacao.com\/1\/wp-json\/wp\/v2\/posts\/156986\/revisions\/156988"}],"wp:featuredmedia":[{"embeddable":true,"href":"https:\/\/www.caririemacao.com\/1\/wp-json\/wp\/v2\/media\/156987"}],"wp:attachment":[{"href":"https:\/\/www.caririemacao.com\/1\/wp-json\/wp\/v2\/media?parent=156986"}],"wp:term":[{"taxonomy":"category","embeddable":true,"href":"https:\/\/www.caririemacao.com\/1\/wp-json\/wp\/v2\/categories?post=156986"},{"taxonomy":"post_tag","embeddable":true,"href":"https:\/\/www.caririemacao.com\/1\/wp-json\/wp\/v2\/tags?post=156986"}],"curies":[{"name":"wp","href":"https:\/\/api.w.org\/{rel}","templated":true}]}}