{"id":156990,"date":"2020-03-09T06:51:42","date_gmt":"2020-03-09T09:51:42","guid":{"rendered":"http:\/\/www.caririemacao.com\/1\/?p=156990"},"modified":"2020-03-09T06:51:45","modified_gmt":"2020-03-09T09:51:45","slug":"na-estreia-do-novo-treinador-treze-bate-sao-paulo-crystal-e-sobe-na-tabela","status":"publish","type":"post","link":"https:\/\/www.caririemacao.com\/1\/2020\/03\/09\/na-estreia-do-novo-treinador-treze-bate-sao-paulo-crystal-e-sobe-na-tabela\/","title":{"rendered":"Na estreia do novo treinador, Treze bate S\u00e3o Paulo Crystal e sobe na tabela"},"content":{"rendered":"\n<p>Al\u00edvio nas hostes alvinegra. Na estreia do treinador Moacir J\u00fanior, o Treze conseguiu se reabilitar no Campeonato Paraibano ao vencer o S\u00e3o Paulo Crystal por 1 a 0, neste domingo, no Est\u00e1dio Presidente Vargas.<\/p>\n\n\n\n<p>O \u00fanico gol da partida, v\u00e1lida pela s\u00e9tima rodada, foi marcado pelo zagueiro Breno Calixto no segundo tempo.<\/p>\n\n\n\n<p>Com esse resultado reabilitador, j\u00e1 que vinha de derrota para o CSP, o Galo chega aos 13 pontos no Grupo A, ultrapassando o Botafogo-PB, que ainda tem um jogo a menos.<\/p>\n\n\n\n<p>J\u00e1 o tricolor de Cruz do Esp\u00edrito Santo, segue na lanterna do Grupo B com apenas cinco pontos e corre s\u00e9rio risco de rebaixamento.<\/p>\n\n\n\n<p>Na pr\u00f3xima rodada, o Treze vai receber a visita do Sousa no Est\u00e1dio Presidente Vargas. O S\u00e3o Paulo pega o Atl\u00e9tico, em Cajazeiras. Os dois jogos acontecem no pr\u00f3ximo domingo.<\/p>\n\n\n\n<p><strong>Ficha T\u00e9cnica<\/strong><\/p>\n\n\n\n<p>Treze<br>Jeferson, Gustavo, Breno Calixto, Nilson J\u00fanior e Gilmar; Robson, Tales,<br>Vin\u00edcius Barba e Almir (Alexandre Santana); Rafael Oliveira (Frontini) e Caxito (Ded\u00e9). T\u00e9cnico \u2013 Moacir J\u00fanior<br>S\u00e3o Paulo Crystal<br>Jo\u00e3o Manoel, Michel, Alenilson, Dip\u00e3o e Carioca; Jo\u00e3o Victor, Welton (Leandro), L\u00e9o Henrique e Henrique (Orlando J\u00fanior), Biro Biro e L\u00facio Curi\u00f3 ( Willian). T\u00e9cnico \u2013 Wilton Bezerra<br>Gols \u2013 Breno Calixto (T), aos 15min do 2\u00baT<br>Cart\u00e3o amarelo- Carioca, Welton, Jo\u00e3o Manoel, Alenilson (S), Robson (T)<br>\u00c1rbitro Wagner Reway<br>Assistentes \u2013 Kilden Tadeu e Herioberto Henrique da Silva<\/p>\n","protected":false},"excerpt":{"rendered":"<p>Al\u00edvio nas hostes alvinegra. Na estreia do treinador Moacir J\u00fanior, o Treze conseguiu se reabilitar no Campeonato Paraibano ao vencer o S\u00e3o Paulo Crystal por&hellip; <\/p>\n","protected":false},"author":2,"featured_media":156991,"comment_status":"closed","ping_status":"closed","sticky":false,"template":"","format":"standard","meta":{"sfsi_plus_gutenberg_text_before_share":"","sfsi_plus_gutenberg_show_text_before_share":"","sfsi_plus_gutenberg_icon_type":"","sfsi_plus_gutenberg_icon_alignemt":"","sfsi_plus_gutenburg_max_per_row":"","footnotes":""},"categories":[13],"tags":[],"class_list":["post-156990","post","type-post","status-publish","format-standard","has-post-thumbnail","hentry","category-esportes"],"_links":{"self":[{"href":"https:\/\/www.caririemacao.com\/1\/wp-json\/wp\/v2\/posts\/156990","targetHints":{"allow":["GET"]}}],"collection":[{"href":"https:\/\/www.caririemacao.com\/1\/wp-json\/wp\/v2\/posts"}],"about":[{"href":"https:\/\/www.caririemacao.com\/1\/wp-json\/wp\/v2\/types\/post"}],"author":[{"embeddable":true,"href":"https:\/\/www.caririemacao.com\/1\/wp-json\/wp\/v2\/users\/2"}],"replies":[{"embeddable":true,"href":"https:\/\/www.caririemacao.com\/1\/wp-json\/wp\/v2\/comments?post=156990"}],"version-history":[{"count":1,"href":"https:\/\/www.caririemacao.com\/1\/wp-json\/wp\/v2\/posts\/156990\/revisions"}],"predecessor-version":[{"id":156992,"href":"https:\/\/www.caririemacao.com\/1\/wp-json\/wp\/v2\/posts\/156990\/revisions\/156992"}],"wp:featuredmedia":[{"embeddable":true,"href":"https:\/\/www.caririemacao.com\/1\/wp-json\/wp\/v2\/media\/156991"}],"wp:attachment":[{"href":"https:\/\/www.caririemacao.com\/1\/wp-json\/wp\/v2\/media?parent=156990"}],"wp:term":[{"taxonomy":"category","embeddable":true,"href":"https:\/\/www.caririemacao.com\/1\/wp-json\/wp\/v2\/categories?post=156990"},{"taxonomy":"post_tag","embeddable":true,"href":"https:\/\/www.caririemacao.com\/1\/wp-json\/wp\/v2\/tags?post=156990"}],"curies":[{"name":"wp","href":"https:\/\/api.w.org\/{rel}","templated":true}]}}