{"id":156993,"date":"2020-03-09T06:54:24","date_gmt":"2020-03-09T09:54:24","guid":{"rendered":"http:\/\/www.caririemacao.com\/1\/?p=156993"},"modified":"2020-03-09T06:54:26","modified_gmt":"2020-03-09T09:54:26","slug":"mulheres-repudiam-governo-bolsonaro-e-violencia-de-genero","status":"publish","type":"post","link":"https:\/\/www.caririemacao.com\/1\/2020\/03\/09\/mulheres-repudiam-governo-bolsonaro-e-violencia-de-genero\/","title":{"rendered":"Mulheres repudiam governo Bolsonaro e viol\u00eancia de g\u00eanero"},"content":{"rendered":"\n<p>Grupos de mulheres se reuniram em S\u00e3o Paulo e em outras cidades do pa\u00eds em manifesta\u00e7\u00f5es pelo Dia Internacional da Mulher, celebrado neste domingo (8).<\/p>\n\n\n\n<p>Na avenida Paulista, em S\u00e3o Paulo, manifestantes de coletivos como Evang\u00e9licas pela Igualdade de G\u00eanero, Central Sindical Popular e Mulheres do Sindicato dos Metrovi\u00e1rios de SP come\u00e7aram a se reunir \u00e0s 14h no v\u00e3o-livre do Masp e no parque Mario Covas.<\/p>\n\n\n\n<p>O ato, sob chuva, tamb\u00e9m contou com a presen\u00e7a de grupos ligados a partidos, como PSOL, PSTU, PCO e PT -havia uma cabana de filia\u00e7\u00e3o para esta legenda.<\/p>\n\n\n\n<p>Portavam tambores, bandeiras e faixas com dizeres em lembran\u00e7a \u00e0 vereadora Marielle Franco, cujo assassinato completa dois anos no pr\u00f3ximo dia 14, a favor da democracia, contra o presidente Jair Bolsonaro e e em defesa das mulheres, como \u201cem casa, na rua, no trabalho e no transporte: exigimos respeito! Basta de viol\u00eancia\u201d.<\/p>\n\n\n\n<p>\u201cFora, Bolsonaro! Ele n\u00e3o, ela sim! Nenhuma a menos!\u201d, repetiam os presentes em coro, ecoando fala de uma representante do Cabar\u00e9 Feminista em uma caixa de som. \u201cEle n\u00e3o, ele nunca, n\u00f3s sim!\u201d, \u201cN\u00f3s n\u00e3o queremos Doria governador!\u201d, emendou ela.<\/p>\n\n\n\n<p>Um tumulto ocorreu quando um homem foi expulso do agrupamento em frente ao parque Mario Covas ap\u00f3s ofender uma das representantes do coletivo. Alterado, ele foi sendo empurrado para longe da reuni\u00e3o e foi embora pela alameda Ministro Rocha Azevedo.<\/p>\n\n\n\n<p>Um coletivo formado por nove organiza\u00e7\u00f5es religiosas entoava \u201cquem \u00e9 crist\u00e3o n\u00e3o apoia a ditadura, Bolsonaro n\u00e3o \u00e9 crist\u00e3o coisa nenhuma\u201d durante o ato.<\/p>\n\n\n\n<p>A chuva n\u00e3o impediu a estudante Marina Pio, 23, de participar do ato. \u201c\u00c9 um dia muito simb\u00f3lico, e as mulheres t\u00eam que se posicionar e mostrar que exigem um pa\u00eds com mais respeito e representatividade\u201d, diz ela, para quem \u201co movimento feminista e o contra o governo Bolsonaro s\u00e3o paralelos.\u201d<\/p>\n\n\n\n<p>A t\u00e9cnica de seguran\u00e7a do trabalho Karine Goulart, 31, foi ao ato com um cartaz escrito \u201co que \u00e9 coronav\u00edrus perto do feminic\u00eddio\u201d. \u201cAs pessoas colocam mais energia no v\u00edrus do que no tanto de mulher que morre todo dia. Ningu\u00e9m pensa em como parar isso, que tamb\u00e9m \u00e9 muito importante\u201d, diz.<\/p>\n\n\n\n<p>Fruto de um grupo de WhatsApp criado na segunda (2), o grupo Mulheres pela Democracia encenava gestos inspirados na coreografia feminista chilena \u201cUm violador no teu caminho\u201d.<\/p>\n\n\n\n<p>\u201cMarielle presente! O assassino dela \u00e9 amigo do presidente\u201d, cantava o coletivo independente formado por Claudia Silva. \u201cCriei um grupo de WhatsApp com tr\u00eas amigas e ai come\u00e7amos a divulgar\u201d, diz ela. \u201cHoje temos aqui gente de S\u00e3o Paulo, Ubatuba, S\u00e3o Jos\u00e9 dos Campos, Campinase ABC.\u201d<\/p>\n\n\n\n<p>Sobre a coreografia, ela conta que cada uma ensinou por si pr\u00f3pria em casa. \u201cA\u00ed hoje nos reunimos um pouco antes do come\u00e7o da manifesta\u00e7\u00e3o e ensaiamos umas 15 vezes\u201d, segue ela, que afirma que cada uma das 150 integrantes ali presente contribuiu financeiramente como p\u00f4de. \u201cUmas fizeram len\u00e7os, outras fizeram a faixa. Cada um fez o que p\u00f4de.\u201d<\/p>\n\n\n\n<p>A assessora parlamentar Iara Bento, 45, foi ao ato para lutar contra o governo Bolsonaro. \u201cO processo de desconstru\u00e7\u00e3o de pol\u00edticas p\u00fablicas atinge mulheres e, sobretudo, as mulheres negras\u201d, diz ela, que estava com a Marcha das Mulheres Negras.<\/p>\n\n\n\n<p>A deputada federal e pr\u00e9-candidata \u00e0 prefeitura de S\u00e3o Paulo, S\u00e2mia Bomfim, foi uma das participantes do ato. \u201cO ato esse ano tem um novo significado. Temos um presidente que materializa tudo o que lutamos contra -\u00e9 machista, mis\u00f3gino e autorit\u00e1rio\u201d, diz ela.<\/p>\n\n\n\n<p>Outra que esteve na manifesta\u00e7\u00e3o foi a atriz Maria Casadevall, mas ela n\u00e3o quis falar com a reportagem.<\/p>\n\n\n\n<p>Em S\u00e3o Paulo, o protesto envolve mais de 80 entidades (entre coletivos feministas, movimentos sociais e siglas de esquerda), as organizadoras pretendem atrair 60 mil pessoas, mesmo tamanho do p\u00fablico estimado no ano passado.<br>O ato come\u00e7ou a ser preparado em janeiro, j\u00e1 com o tema \u201cMulheres contra Bolsonaro\u201d. Segundo l\u00edderes, a \u00eanfase no nome do presidente se imp\u00f4s por causa das a\u00e7\u00f5es contr\u00e1rias a demandas hist\u00f3ricas do movimento, como igualdade de g\u00eanero, combate \u00e0 viol\u00eancia dom\u00e9stica e descriminaliza\u00e7\u00e3o do aborto.<\/p>\n\n\n\n<p>O protesto se soma a outros dois de oposi\u00e7\u00e3o ao governo marcados para este m\u00eas: o do dia 14, que pedir\u00e1 esclarecimentos sobre a morte de Marielle Franco na data em que o assassinato faz dois anos, e o do dia 18, organizado inicialmente por melhorias na educa\u00e7\u00e3o e nos servi\u00e7os p\u00fablicos.<\/p>\n\n\n\n<p>O ato ocupou quatro faixas de tr\u00eas quarteir\u00f5es da avenida e desceu a rua Augusta em dire\u00e7\u00e3o ao centro. As 17h30, a manifesta\u00e7\u00e3o chegou \u00e0 pra\u00e7a Roosevelt.<\/p>\n\n\n\n<p>Policiais militares no local estimavam o p\u00fablico em 1.000 pessoas por volta das 15h30.<\/p>\n\n\n\n<p>RIO DE JANEIRO<br>\u201cO Estado opressor \u00e9 um macho violador\u201d, bradaram centenas de mulheres em protesto no Centro do Rio de Janeiro, neste domingo (8). O foco do ato, na Pra\u00e7a Mau\u00e1, foi o combate \u00e0 viol\u00eancia sexual e a defesa da legaliza\u00e7\u00e3o do aborto. As manifestantes pediram mudan\u00e7as na forma como o poder p\u00fablico lida com o estupro.<\/p>\n\n\n\n<p>O protesto come\u00e7ou com a encena\u00e7\u00e3o de uma performance intitulada \u201cUm Violador no seu Caminho\u201d. As participantes ensaiaram ao lado do Museu do Amanh\u00e3 a coreografia, que termina com todas de m\u00e3os cruzadas e elevadas. A inspira\u00e7\u00e3o vem do coletivo chileno La Tesis.<\/p>\n\n\n\n<p>\u201cA quest\u00e3o da viol\u00eancia sexual \u00e9 para n\u00f3s um ponto muito sens\u00edvel em toda a luta feminista. Isso porque diz respeito ao controle sobre nossos pr\u00f3prios corpos\u201d, disse Fl\u00e1via Prata, do movimento Corteja 8M, que re\u00fane representantes de blocos do carnaval de rua carioca.<\/p>\n\n\n\n<p>Tamb\u00e9m participou do ato o Nossa Hora de Legalizar o Aborto RJ. Segundo a representante do grupo Consuelo Bassanesi, mesmo com a abertura legal de interrup\u00e7\u00e3o da gravidez em caso de estupro no Brasil, ainda h\u00e1 dificuldades para as mulheres exercerem esse direito. Ela defende a legaliza\u00e7\u00e3o para os demais casos.<\/p>\n\n\n\n<p>\u201cQuem tem condi\u00e7\u00f5es financeiras procura uma cl\u00ednica, mas quem n\u00e3o pode se arrisca e pode at\u00e9 vir a \u00f3bito. Temos que reafirmar o Estado laico. O Estado n\u00e3o pode determinar a orienta\u00e7\u00e3o moral das pessoas\u201d, diz Bassanesi.<\/p>\n\n\n\n<p>Prata tamb\u00e9m criticou a proposta de cria\u00e7\u00e3o de um aux\u00edlio para mulheres estupradas que optem por n\u00e3o abortar. O projeto em tramita\u00e7\u00e3o no Congresso, que recebeu apoio da ministra Damares Alves (da Mulher, da Fam\u00edlia e dos Direitos Humanos), prev\u00ea a chamada \u201cBolsa Estupro\u201d.<\/p>\n\n\n\n<p>\u201cA quest\u00e3o n\u00e3o \u00e9 s\u00f3 financeira. Al\u00e9m do trauma, \u00e9 um absurdo for\u00e7ar a mulher a conviver com o violador\u201d, criticou Prata.<\/p>\n\n\n\n<p>A performance tamb\u00e9m incluiu cr\u00edticas ao presidente Jair Bolsonaro. Em homenagem a Marielle Franco, assassinada h\u00e1 dois anos, entoou-se: \u201cO assassino dela \u00e9 amigo do presidente\u201d. Acusado da morte da vereadora, o policial reformado Ronie Lessa era vizinho de Bolsonaro e chegou a postar foto ao lado do presidente.<\/p>\n\n\n\n<p>As manifestantes come\u00e7aram a se concentrar por voltas das 10h e ao meio-dia iniciaram um cortejo pelo Boulevard Ol\u00edmpico, na zona portu\u00e1ria. A militante de esquerda Eliete Ferrer, 73, diz que n\u00e3o desiste da luta. \u201cEstive na manifesta\u00e7\u00e3o dos 100 mil em 68, fui exilada e lutei por democracia. Nunca esperava nessa idade estar fazendo mesmo de novo\u201d, afirmou ela.<\/p>\n\n\n\n<p>A professora de hist\u00f3ria Pollyana Labre, 28, diz que ocupar as ruas \u00e9 uma forma de conquista de espa\u00e7o por parte das mulheres. \u201cH\u00e1 alguns anos tocar em baterias ou bandas de carnaval n\u00e3o era comum para n\u00f3s e hoje vemos muitos blocos feministas ou s\u00f3 de mulheres no carnaval. Temos que buscar visibilidade tamb\u00e9m\u201d, disse.<\/p>\n\n\n\n<p>Neste ano, o movimento feminista do Rio decidiu realizar atos espalhados pela regi\u00e3o metropolitana no Dia Internacional da Mulher e promover uma manifesta\u00e7\u00e3o unificada nesta segunda (9), \u00e0s 17h, em frente \u00e0 Igreja da Candel\u00e1ria, no Centro. O objetivo \u00e9 concentrar maior n\u00famero de participantes num dia de trabalho, quando os transportes p\u00fablicos est\u00e3o funcionando normalmente.<\/p>\n\n\n\n<p>BRAS\u00cdLIA<br>Em Bras\u00edlia, grupos de mulheres e organiza\u00e7\u00f5es sociais sa\u00edram em marcha na regi\u00e3o central da cidade na manh\u00e3 deste domingo (8). A caminhada passou pelo Pal\u00e1cio do Buriti, sede do governo do Distrito Federal, e a Funarte (Funda\u00e7\u00e3o Nacional de Artes).<\/p>\n\n\n\n<p>O ato teve mensagens contra o machismo, o racismo e a viol\u00eancia, al\u00e9m da defesa de direitos dos trabalhadores.<br>Junto ao grupo, estavam participantes do Encontro Nacional de Mulheres Sem Terra. De acordo com o MST (Movimento dos Trabalhadores Rurais Sem Terra), este foi o primeiro encontro organizado exclusivamente por mulheres camponesas.<\/p>\n\n\n\n<p>Em Curitiba, as manifestantes lembraram do assassinato, na quarta (20), da escriv\u00e3 da Pol\u00edcia Civil Maritza Guimar\u00e3es de Souza, 41, e de sua filha Ana Carolina, 16 -o delegado Erick Busetti, marido de Maritza, est\u00e1 preso por suspeita de autoria do crime.<\/p>\n\n\n\n<p>Em Salvador, houve uma caminhada at\u00e9 o Farol da Barra. Cartazes traziam a frase \u201cParem de nos matar\u201d, um protesto contra o crescimento do crime de feminic\u00eddio. O ato teve m\u00fasica e protestos tamb\u00e9m contra o presidente Jair Bolsonaro.<\/p>\n\n\n\n<p>Em Belo Horizonte, a convoca\u00e7\u00e3o criticava o convite de Bolsonaro para os protestos do dia 15, dizendo que o presidente \u201cavan\u00e7a de novo contra a democracia\u201d. Na passeata, uma faixa dizia \u201cContra Bolsonaro seremos Marielle\u201d.<\/p>\n\n\n\n<p>Em Porto Alegre, as mulheres se reuniram para atividades culturais na orla do rio Gua\u00edba, \u00e1rea de lazer que re\u00fane os moradores nos fins de semana. Assim com no Rio, o protesto foi marcado para esta segunda (9), no largo Gl\u00eanio Peres, no centro da cidade.<\/p>\n\n\n\n<p>PROTESTOS EM MAR\u00c7O<br>Dia 8 (domingo) Mulheres ir\u00e3o \u00e0s ruas em atos pelo Dia Internacional da Mulher, com \u00eanfase nas cr\u00edticas a Bolsonaro, associado pelos movimentos a retrocessos nas quest\u00f5es femininas.<\/p>\n\n\n\n<p>Dia 14 (s\u00e1bado) Manifesta\u00e7\u00f5es pedir\u00e3o esclarecimentos sobre o assassinato da vereadora do Rio Marielle Franco (PSOL) e do motorista Anderson Gomes, que completar\u00e1 dois anos na data.<\/p>\n\n\n\n<p>Dia 15 (domingo) Simpatizantes do governo Bolsonaro far\u00e3o atos em apoio ao presidente, mas tamb\u00e9m s\u00e3o esperados ataques ao Congresso e ao Supremo, com pedidos de fechamento de ambos.<\/p>\n\n\n\n<p>Dia 18 (quarta-feira) Ato convocado inicialmente em defesa da educa\u00e7\u00e3o p\u00fablica ganhou o refor\u00e7o de centrais sindicais e envolver\u00e1 paralisa\u00e7\u00f5es de servidores e press\u00e3o por impeachment de Bolsonaro.<\/p>\n","protected":false},"excerpt":{"rendered":"<p>Grupos de mulheres se reuniram em S\u00e3o Paulo e em outras cidades do pa\u00eds em manifesta\u00e7\u00f5es pelo Dia Internacional da Mulher, celebrado neste domingo (8).&hellip; <\/p>\n","protected":false},"author":2,"featured_media":156994,"comment_status":"closed","ping_status":"closed","sticky":false,"template":"","format":"standard","meta":{"sfsi_plus_gutenberg_text_before_share":"","sfsi_plus_gutenberg_show_text_before_share":"","sfsi_plus_gutenberg_icon_type":"","sfsi_plus_gutenberg_icon_alignemt":"","sfsi_plus_gutenburg_max_per_row":"","footnotes":""},"categories":[2],"tags":[],"class_list":["post-156993","post","type-post","status-publish","format-standard","has-post-thumbnail","hentry","category-geral"],"_links":{"self":[{"href":"https:\/\/www.caririemacao.com\/1\/wp-json\/wp\/v2\/posts\/156993","targetHints":{"allow":["GET"]}}],"collection":[{"href":"https:\/\/www.caririemacao.com\/1\/wp-json\/wp\/v2\/posts"}],"about":[{"href":"https:\/\/www.caririemacao.com\/1\/wp-json\/wp\/v2\/types\/post"}],"author":[{"embeddable":true,"href":"https:\/\/www.caririemacao.com\/1\/wp-json\/wp\/v2\/users\/2"}],"replies":[{"embeddable":true,"href":"https:\/\/www.caririemacao.com\/1\/wp-json\/wp\/v2\/comments?post=156993"}],"version-history":[{"count":1,"href":"https:\/\/www.caririemacao.com\/1\/wp-json\/wp\/v2\/posts\/156993\/revisions"}],"predecessor-version":[{"id":156995,"href":"https:\/\/www.caririemacao.com\/1\/wp-json\/wp\/v2\/posts\/156993\/revisions\/156995"}],"wp:featuredmedia":[{"embeddable":true,"href":"https:\/\/www.caririemacao.com\/1\/wp-json\/wp\/v2\/media\/156994"}],"wp:attachment":[{"href":"https:\/\/www.caririemacao.com\/1\/wp-json\/wp\/v2\/media?parent=156993"}],"wp:term":[{"taxonomy":"category","embeddable":true,"href":"https:\/\/www.caririemacao.com\/1\/wp-json\/wp\/v2\/categories?post=156993"},{"taxonomy":"post_tag","embeddable":true,"href":"https:\/\/www.caririemacao.com\/1\/wp-json\/wp\/v2\/tags?post=156993"}],"curies":[{"name":"wp","href":"https:\/\/api.w.org\/{rel}","templated":true}]}}