{"id":157006,"date":"2020-03-09T07:01:05","date_gmt":"2020-03-09T10:01:05","guid":{"rendered":"http:\/\/www.caririemacao.com\/1\/?p=157006"},"modified":"2020-03-09T07:01:07","modified_gmt":"2020-03-09T10:01:07","slug":"suspeito-de-agredir-mae-e-irma-e-preso-em-cidade-do-brejo","status":"publish","type":"post","link":"https:\/\/www.caririemacao.com\/1\/2020\/03\/09\/suspeito-de-agredir-mae-e-irma-e-preso-em-cidade-do-brejo\/","title":{"rendered":"Suspeito de agredir m\u00e3e e irm\u00e3 \u00e9 preso em cidade do Brejo"},"content":{"rendered":"\n<p>Policiais do 4\u00b0 BPM (Batalh\u00e3o de Pol\u00edcia Militar) prenderam, na noite desse s\u00e1bado (7), no centro da cidade de Cuitegi, um homem suspeito de viol\u00eancia dom\u00e9stica depois dele amea\u00e7ar e agredir a m\u00e3e e a irm\u00e3.<\/p>\n\n\n\n<p>O solicitante procurou a guarni\u00e7\u00e3o da cidade de Cuitegi, comandada pelo cabo Cassiano, e informou que o suspeito, que \u00e9 seu irm\u00e3o, estaria amea\u00e7ando e agredindo a m\u00e3e e a irm\u00e3 na resid\u00eancia da fam\u00edlia.<\/p>\n\n\n\n<p>Os policiais se dirigiram para o local e as v\u00edtimas relataram que o acusado teria exigido uma quantia em dinheiro da m\u00e3e e a irm\u00e3, ao presenciar a cena tentou intervir, por\u00e9m ele passou a agredi-la, provocando escoria\u00e7\u00f5es. Diante da situa\u00e7\u00e3o, ele foi detido e conduzido at\u00e9 a Delegacia de Pol\u00edcia Civil junto com as v\u00edtimas.<\/p>\n\n\n\n<p>Tamb\u00e9m em Cuitegi, a guarni\u00e7\u00e3o recebeu a informa\u00e7\u00e3o que estava havendo um desentendimento entre primos e, ao chegar no local da ocorr\u00eancia, visualizou os suspeitos trocando socos e pontap\u00e9s. Ao perceber a presen\u00e7a dos policiais militares, um deles ainda tentou empreender fuga, mas foi alcan\u00e7ado.<\/p>\n\n\n\n<p>A guarni\u00e7\u00e3o comandada pelo cabo Cassiano conteve os envolvidos, que afirmaram ter consumido bebida alco\u00f3lica, e com o apoio<br>de uma guarni\u00e7\u00e3o de R\u00e1dio Patrulha, comandada pelo caboTargino, conduziu os dois para a delegacia.<\/p>\n\n\n\n<p>SEXTA-FEIRA \u2013 Em Guarabira, a solicitante informou que estava em atrito verbal com seu companheiro por motivo de ci\u00fames. A guarni\u00e7\u00e3o comandada pelo subtenente<br>Wamberto compareceu ao local e manteve contato com as partes envolvidas, que foram conduzidas para a delegacia.<\/p>\n","protected":false},"excerpt":{"rendered":"<p>Policiais do 4\u00b0 BPM (Batalh\u00e3o de Pol\u00edcia Militar) prenderam, na noite desse s\u00e1bado (7), no centro da cidade de Cuitegi, um homem suspeito de viol\u00eancia&hellip; <\/p>\n","protected":false},"author":2,"featured_media":157007,"comment_status":"closed","ping_status":"closed","sticky":false,"template":"","format":"standard","meta":{"sfsi_plus_gutenberg_text_before_share":"","sfsi_plus_gutenberg_show_text_before_share":"","sfsi_plus_gutenberg_icon_type":"","sfsi_plus_gutenberg_icon_alignemt":"","sfsi_plus_gutenburg_max_per_row":"","footnotes":""},"categories":[2],"tags":[],"class_list":["post-157006","post","type-post","status-publish","format-standard","has-post-thumbnail","hentry","category-geral"],"_links":{"self":[{"href":"https:\/\/www.caririemacao.com\/1\/wp-json\/wp\/v2\/posts\/157006","targetHints":{"allow":["GET"]}}],"collection":[{"href":"https:\/\/www.caririemacao.com\/1\/wp-json\/wp\/v2\/posts"}],"about":[{"href":"https:\/\/www.caririemacao.com\/1\/wp-json\/wp\/v2\/types\/post"}],"author":[{"embeddable":true,"href":"https:\/\/www.caririemacao.com\/1\/wp-json\/wp\/v2\/users\/2"}],"replies":[{"embeddable":true,"href":"https:\/\/www.caririemacao.com\/1\/wp-json\/wp\/v2\/comments?post=157006"}],"version-history":[{"count":1,"href":"https:\/\/www.caririemacao.com\/1\/wp-json\/wp\/v2\/posts\/157006\/revisions"}],"predecessor-version":[{"id":157008,"href":"https:\/\/www.caririemacao.com\/1\/wp-json\/wp\/v2\/posts\/157006\/revisions\/157008"}],"wp:featuredmedia":[{"embeddable":true,"href":"https:\/\/www.caririemacao.com\/1\/wp-json\/wp\/v2\/media\/157007"}],"wp:attachment":[{"href":"https:\/\/www.caririemacao.com\/1\/wp-json\/wp\/v2\/media?parent=157006"}],"wp:term":[{"taxonomy":"category","embeddable":true,"href":"https:\/\/www.caririemacao.com\/1\/wp-json\/wp\/v2\/categories?post=157006"},{"taxonomy":"post_tag","embeddable":true,"href":"https:\/\/www.caririemacao.com\/1\/wp-json\/wp\/v2\/tags?post=157006"}],"curies":[{"name":"wp","href":"https:\/\/api.w.org\/{rel}","templated":true}]}}