{"id":157010,"date":"2020-03-09T07:34:43","date_gmt":"2020-03-09T10:34:43","guid":{"rendered":"http:\/\/www.caririemacao.com\/1\/?p=157010"},"modified":"2020-03-09T07:34:44","modified_gmt":"2020-03-09T10:34:44","slug":"prefeitura-de-tenorio-inscreve-para-concurso-publico-com-76-vagas-a-partir-desta-segunda","status":"publish","type":"post","link":"https:\/\/www.caririemacao.com\/1\/2020\/03\/09\/prefeitura-de-tenorio-inscreve-para-concurso-publico-com-76-vagas-a-partir-desta-segunda\/","title":{"rendered":"Prefeitura de Ten\u00f3rio inscreve para concurso p\u00fablico com 76 vagas a partir desta segunda"},"content":{"rendered":"\n<p>A Prefeitura de Ten\u00f3rio inscreve a partir desta segunda-feira (9), para o concurso p\u00fablico&nbsp;que oferece 76 vagas em cargos de n\u00edveis fundamental, m\u00e9dio, m\u00e9dio\/t\u00e9cnico e superior. Os sal\u00e1rios variam entre R$ 1.045 e R$ 15,5 mil.<\/p>\n\n\n\n<p><a href=\"https:\/\/www.clickpb.com.br\/media\/filer_public\/8a\/b7\/8ab70590-5d99-4a93-a46d-f4ab81d24568\/2020_pmtenorio_edital_normativo_001.pdf\">Confira o edital<\/a><\/p>\n\n\n\n<p>As inscri\u00e7\u00f5es devem ser feitas a partir das 10h desta segunda-feira (9) at\u00e9 \u00e0s 23h59 do dias 8 de abril, atrav\u00e9s&nbsp;<a href=\"https:\/\/cpcon.uepb.edu.br\/\">do site da empresa organizadora do certame.<\/a>&nbsp;<br>As taxas de inscri\u00e7\u00e3o custam R$ 65 para cargos de n\u00edvel fundamental, R$ 85 para cargos de n\u00edvel m\u00e9dio e m\u00e9dio\/t\u00e9cnico e R$ 105 para cargos de n\u00edvel superior.<\/p>\n\n\n\n<p>O certame tem vagas para auxiliar de servi\u00e7os gerais, carpinteiro\/marceneiro, coveiro, eletricista, encanador, gari, pedreiro, vigilante, motorista D\/E, operador de m\u00e1quinas pesadas, agente administrativo, agente comunit\u00e1rio de sa\u00fade, agente de combate as endemias, t\u00e9cnico em contabilidade, t\u00e9cnico em enfermagem, t\u00e9cnico em enfermagem ESF, t\u00e9cnico em sa\u00fade bucal ESF, assistente social, bioqu\u00edmico, cirurgi\u00e3o dentista ESF, cirurgi\u00e3o dentista odont\u00f3logo, enfermeiro, enfermeiro ESF, engenheiro agr\u00f4nomo, fisioterapeuta, farmac\u00eautico, m\u00e9dico ESF, m\u00e9dico veterin\u00e1rio, nutricionista, professor de educa\u00e7\u00e3o b\u00e1sica I e professor de educa\u00e7\u00e3o b\u00e1sica II &#8211; l\u00edngua portuguesa.<\/p>\n\n\n\n<p>A prova objetiva escrita est\u00e1 prevista para acontecer no dia 17 de maio.<\/p>\n","protected":false},"excerpt":{"rendered":"<p>A Prefeitura de Ten\u00f3rio inscreve a partir desta segunda-feira (9), para o concurso p\u00fablico&nbsp;que oferece 76 vagas em cargos de n\u00edveis fundamental, m\u00e9dio, m\u00e9dio\/t\u00e9cnico e&hellip; <\/p>\n","protected":false},"author":2,"featured_media":157011,"comment_status":"closed","ping_status":"closed","sticky":false,"template":"","format":"standard","meta":{"sfsi_plus_gutenberg_text_before_share":"","sfsi_plus_gutenberg_show_text_before_share":"","sfsi_plus_gutenberg_icon_type":"","sfsi_plus_gutenberg_icon_alignemt":"","sfsi_plus_gutenburg_max_per_row":"","footnotes":""},"categories":[2],"tags":[],"class_list":["post-157010","post","type-post","status-publish","format-standard","has-post-thumbnail","hentry","category-geral"],"_links":{"self":[{"href":"https:\/\/www.caririemacao.com\/1\/wp-json\/wp\/v2\/posts\/157010","targetHints":{"allow":["GET"]}}],"collection":[{"href":"https:\/\/www.caririemacao.com\/1\/wp-json\/wp\/v2\/posts"}],"about":[{"href":"https:\/\/www.caririemacao.com\/1\/wp-json\/wp\/v2\/types\/post"}],"author":[{"embeddable":true,"href":"https:\/\/www.caririemacao.com\/1\/wp-json\/wp\/v2\/users\/2"}],"replies":[{"embeddable":true,"href":"https:\/\/www.caririemacao.com\/1\/wp-json\/wp\/v2\/comments?post=157010"}],"version-history":[{"count":1,"href":"https:\/\/www.caririemacao.com\/1\/wp-json\/wp\/v2\/posts\/157010\/revisions"}],"predecessor-version":[{"id":157012,"href":"https:\/\/www.caririemacao.com\/1\/wp-json\/wp\/v2\/posts\/157010\/revisions\/157012"}],"wp:featuredmedia":[{"embeddable":true,"href":"https:\/\/www.caririemacao.com\/1\/wp-json\/wp\/v2\/media\/157011"}],"wp:attachment":[{"href":"https:\/\/www.caririemacao.com\/1\/wp-json\/wp\/v2\/media?parent=157010"}],"wp:term":[{"taxonomy":"category","embeddable":true,"href":"https:\/\/www.caririemacao.com\/1\/wp-json\/wp\/v2\/categories?post=157010"},{"taxonomy":"post_tag","embeddable":true,"href":"https:\/\/www.caririemacao.com\/1\/wp-json\/wp\/v2\/tags?post=157010"}],"curies":[{"name":"wp","href":"https:\/\/api.w.org\/{rel}","templated":true}]}}