{"id":157014,"date":"2020-03-09T07:38:02","date_gmt":"2020-03-09T10:38:02","guid":{"rendered":"http:\/\/www.caririemacao.com\/1\/?p=157014"},"modified":"2020-03-09T07:38:04","modified_gmt":"2020-03-09T10:38:04","slug":"viajante-que-voltou-da-espanha-e-procurou-upa-em-campina-grande-e-novo-caso-suspeito-de-coronavirus-na-paraiba","status":"publish","type":"post","link":"https:\/\/www.caririemacao.com\/1\/2020\/03\/09\/viajante-que-voltou-da-espanha-e-procurou-upa-em-campina-grande-e-novo-caso-suspeito-de-coronavirus-na-paraiba\/","title":{"rendered":"Viajante que voltou da Espanha e procurou UPA em Campina Grande \u00e9 novo caso suspeito de coronav\u00edrus na Para\u00edba"},"content":{"rendered":"\n<p>A Para\u00edba tem mais um caso suspeito de coronav\u00edrus, o qual foi registrado em Campina Grande. A informa\u00e7\u00e3o foi repassada pelo secret\u00e1rio de Estado da Sa\u00fade, Geraldo Medeiros, neste domingo (8).<\/p>\n\n\n\n<p>Trata-se de um homem de 37 anos que viajou \u00e0 Espanha e passou pela Inglaterra. Ele foi atendido&nbsp;na UPA Alto Branco, na Avenida Manoel Tavares, em Campina Grande.<\/p>\n\n\n\n<p>Ele foi diagnosticado&nbsp;com febre, tosse e dor de cabe\u00e7a. Para o viajante em retorno da Europa&nbsp;foi recomendada a quarentena em casa.<\/p>\n\n\n\n<p>O homem viajou com a esposa, uma prima e teve contato com a sogra. Todos eles est\u00e3o sem sintomas, segundo explicou o secret\u00e1rio Geraldo Medeiros.<\/p>\n\n\n\n<p>Na sexta-feira (6), a&nbsp;<a href=\"https:\/\/www.clickpb.com.br\/saude\/secretaria-de-saude-descarta-mais-dois-casos-de-coronavirus-na-paraiba-e-segue-investigando-um-279342.html\">Secretaria de Estado da Sa\u00fade havia descartado mais dois casos suspeitos<\/a>&nbsp;de infec\u00e7\u00e3o por coronav\u00edrus. Restava investigar um caso, que \u00e9 o da mulher de 26 anos, de Jo\u00e3o Pessoa. Agora, ser\u00e3o dois com aguardo de resultado dos exames.<\/p>\n\n\n\n<p>Foram descartados j\u00e1 cinco casos dentre seis notifica\u00e7\u00f5es na Para\u00edba.<\/p>\n","protected":false},"excerpt":{"rendered":"<p>A Para\u00edba tem mais um caso suspeito de coronav\u00edrus, o qual foi registrado em Campina Grande. A informa\u00e7\u00e3o foi repassada pelo secret\u00e1rio de Estado da&hellip; <\/p>\n","protected":false},"author":2,"featured_media":157015,"comment_status":"closed","ping_status":"closed","sticky":false,"template":"","format":"standard","meta":{"sfsi_plus_gutenberg_text_before_share":"","sfsi_plus_gutenberg_show_text_before_share":"","sfsi_plus_gutenberg_icon_type":"","sfsi_plus_gutenberg_icon_alignemt":"","sfsi_plus_gutenburg_max_per_row":"","footnotes":""},"categories":[2],"tags":[],"class_list":["post-157014","post","type-post","status-publish","format-standard","has-post-thumbnail","hentry","category-geral"],"_links":{"self":[{"href":"https:\/\/www.caririemacao.com\/1\/wp-json\/wp\/v2\/posts\/157014","targetHints":{"allow":["GET"]}}],"collection":[{"href":"https:\/\/www.caririemacao.com\/1\/wp-json\/wp\/v2\/posts"}],"about":[{"href":"https:\/\/www.caririemacao.com\/1\/wp-json\/wp\/v2\/types\/post"}],"author":[{"embeddable":true,"href":"https:\/\/www.caririemacao.com\/1\/wp-json\/wp\/v2\/users\/2"}],"replies":[{"embeddable":true,"href":"https:\/\/www.caririemacao.com\/1\/wp-json\/wp\/v2\/comments?post=157014"}],"version-history":[{"count":1,"href":"https:\/\/www.caririemacao.com\/1\/wp-json\/wp\/v2\/posts\/157014\/revisions"}],"predecessor-version":[{"id":157016,"href":"https:\/\/www.caririemacao.com\/1\/wp-json\/wp\/v2\/posts\/157014\/revisions\/157016"}],"wp:featuredmedia":[{"embeddable":true,"href":"https:\/\/www.caririemacao.com\/1\/wp-json\/wp\/v2\/media\/157015"}],"wp:attachment":[{"href":"https:\/\/www.caririemacao.com\/1\/wp-json\/wp\/v2\/media?parent=157014"}],"wp:term":[{"taxonomy":"category","embeddable":true,"href":"https:\/\/www.caririemacao.com\/1\/wp-json\/wp\/v2\/categories?post=157014"},{"taxonomy":"post_tag","embeddable":true,"href":"https:\/\/www.caririemacao.com\/1\/wp-json\/wp\/v2\/tags?post=157014"}],"curies":[{"name":"wp","href":"https:\/\/api.w.org\/{rel}","templated":true}]}}