{"id":157017,"date":"2020-03-09T07:39:57","date_gmt":"2020-03-09T10:39:57","guid":{"rendered":"http:\/\/www.caririemacao.com\/1\/?p=157017"},"modified":"2020-03-09T07:39:58","modified_gmt":"2020-03-09T10:39:58","slug":"desembargador-jose-ricardo-porto-assume-presidencia-do-tre-pb-nesta-segunda-feira","status":"publish","type":"post","link":"https:\/\/www.caririemacao.com\/1\/2020\/03\/09\/desembargador-jose-ricardo-porto-assume-presidencia-do-tre-pb-nesta-segunda-feira\/","title":{"rendered":"Desembargador Jos\u00e9 Ricardo Porto assume presid\u00eancia do TRE-PB nesta segunda-feira"},"content":{"rendered":"\n<p>O desembargador Jos\u00e9 Ricardo Porto toma posse na presid\u00eancia do Tribunal Regional Eleitoral da Para\u00edba (TRE-PB) nesta segunda-feira (9), \u00e0s 14h, em solenidade na sede da institui\u00e7\u00e3o.<\/p>\n\n\n\n<p>No mesmo dia assume tamb\u00e9m o desembargador Jo\u00e1s de Brito Pereira Filho, que ser\u00e1 empossado \u00e0s 10h como membro efetivo da Corte e \u00e0 tarde como novo vice-presidente e corregedor-geral.<\/p>\n\n\n\n<p>De acordo com informa\u00e7\u00f5es do jornalista Nonato Guedes, o desembargador Jos\u00e9 Ricardo Porto ressalta estar preparado para a miss\u00e3o mas pontua que ela somente ser\u00e1 coroada de \u00eaxito se houver colabora\u00e7\u00e3o dos demais integrantes da Corte, serventu\u00e1rios da Justi\u00e7a e dos candidatos e representantes de agremia\u00e7\u00f5es e coliga\u00e7\u00f5es que v\u00e3o se inscrever para as elei\u00e7\u00f5es.<\/p>\n\n\n\n<p>O desembargador, que \u00e9 atual vice-presidente e corregedor-geral do TRE-PB, salienta que o per\u00edodo eleitoral deve se constituir em \u201cfesta da democracia\u201d, pela possibilidade que se abre para o confronto de ideias e propostas e para a livre manifesta\u00e7\u00e3o do eleitorado atrav\u00e9s de eventos de campanha n\u00e3o s\u00f3 em pra\u00e7as p\u00fablicas mas tamb\u00e9m em ambientes restritos, por ocasi\u00e3o dos debates.<\/p>\n\n\n\n<p>Destaca, tamb\u00e9m, a utiliza\u00e7\u00e3o maci\u00e7a das redes sociais observando que nesse caso o limite \u00e9 a Lei e deixou claro que o Tribunal Regional Eleitoral estar\u00e1 atento para coibir a prolifera\u00e7\u00e3o de \u201cfake News\u201d quando da disputa eleitoral.<\/p>\n\n\n\n<p>O TRE, adiantou ele, trabalhar\u00e1 articulado com o Tribunal Superior Eleitoral, dirimindo d\u00favidas e cumprindo as determina\u00e7\u00f5es expressas nas regras aprovadas para o pleito em todas as localidades do Brasil.<\/p>\n\n\n\n<p><strong>Jos\u00e9 Ricardo Porto<\/strong><br><\/p>\n\n\n\n<p>Natural de Jo\u00e3o Pessoa, filho do desembargador S\u00edlvio P\u00e9llico Porto, que foi uma legenda na hist\u00f3ria do Judici\u00e1rio da Para\u00edba, bem como integrante de uma fam\u00edlia com outros expoentes do Direito no Nordeste, o futuro presidente do Tribunal Regional Eleitoral graduou-se em Ci\u00eancias Jur\u00eddicas e Sociais pela Universidade Federal da Para\u00edba.<\/p>\n\n\n\n<p>Tamb\u00e9m foi conselheiro da seccional paraibana da Ordem dos Advogados do Brasil por tr\u00eas mandatos, presidente do Conselho de Administra\u00e7\u00e3o da Sudepar (Superintend\u00eancia dos Est\u00e1dios da Para\u00edba) e PB-TUR, presidente da Comiss\u00e3o de Estudos para o Combate \u00e0 Criminalidade na Para\u00edba e Secret\u00e1rio-Chefe de Governo.<\/p>\n\n\n\n<p>Foi advogado militante a partir do Foro de Jo\u00e3o Pessoa por cerca de tr\u00eas d\u00e9cadas, tendo sido nomeado desembargador em junho de 2010, notabilizando-se pelo dom\u00ednio dos temas pertinentes \u00e0 Justi\u00e7a. Ele foi al\u00e7ado \u00e0 vice-presid\u00eancia do Tribunal Regional Eleitoral em 2018.<\/p>\n","protected":false},"excerpt":{"rendered":"<p>O desembargador Jos\u00e9 Ricardo Porto toma posse na presid\u00eancia do Tribunal Regional Eleitoral da Para\u00edba (TRE-PB) nesta segunda-feira (9), \u00e0s 14h, em solenidade na sede&hellip; <\/p>\n","protected":false},"author":2,"featured_media":157018,"comment_status":"closed","ping_status":"closed","sticky":false,"template":"","format":"standard","meta":{"sfsi_plus_gutenberg_text_before_share":"","sfsi_plus_gutenberg_show_text_before_share":"","sfsi_plus_gutenberg_icon_type":"","sfsi_plus_gutenberg_icon_alignemt":"","sfsi_plus_gutenburg_max_per_row":"","footnotes":""},"categories":[2],"tags":[],"class_list":["post-157017","post","type-post","status-publish","format-standard","has-post-thumbnail","hentry","category-geral"],"_links":{"self":[{"href":"https:\/\/www.caririemacao.com\/1\/wp-json\/wp\/v2\/posts\/157017","targetHints":{"allow":["GET"]}}],"collection":[{"href":"https:\/\/www.caririemacao.com\/1\/wp-json\/wp\/v2\/posts"}],"about":[{"href":"https:\/\/www.caririemacao.com\/1\/wp-json\/wp\/v2\/types\/post"}],"author":[{"embeddable":true,"href":"https:\/\/www.caririemacao.com\/1\/wp-json\/wp\/v2\/users\/2"}],"replies":[{"embeddable":true,"href":"https:\/\/www.caririemacao.com\/1\/wp-json\/wp\/v2\/comments?post=157017"}],"version-history":[{"count":1,"href":"https:\/\/www.caririemacao.com\/1\/wp-json\/wp\/v2\/posts\/157017\/revisions"}],"predecessor-version":[{"id":157019,"href":"https:\/\/www.caririemacao.com\/1\/wp-json\/wp\/v2\/posts\/157017\/revisions\/157019"}],"wp:featuredmedia":[{"embeddable":true,"href":"https:\/\/www.caririemacao.com\/1\/wp-json\/wp\/v2\/media\/157018"}],"wp:attachment":[{"href":"https:\/\/www.caririemacao.com\/1\/wp-json\/wp\/v2\/media?parent=157017"}],"wp:term":[{"taxonomy":"category","embeddable":true,"href":"https:\/\/www.caririemacao.com\/1\/wp-json\/wp\/v2\/categories?post=157017"},{"taxonomy":"post_tag","embeddable":true,"href":"https:\/\/www.caririemacao.com\/1\/wp-json\/wp\/v2\/tags?post=157017"}],"curies":[{"name":"wp","href":"https:\/\/api.w.org\/{rel}","templated":true}]}}