{"id":157028,"date":"2020-03-09T07:45:34","date_gmt":"2020-03-09T10:45:34","guid":{"rendered":"http:\/\/www.caririemacao.com\/1\/?p=157028"},"modified":"2020-03-09T07:45:36","modified_gmt":"2020-03-09T10:45:36","slug":"brasil-e-estados-unidos-assinam-acordo-de-cooperacao-militar","status":"publish","type":"post","link":"https:\/\/www.caririemacao.com\/1\/2020\/03\/09\/brasil-e-estados-unidos-assinam-acordo-de-cooperacao-militar\/","title":{"rendered":"Brasil e Estados Unidos assinam acordo de coopera\u00e7\u00e3o militar"},"content":{"rendered":"\n<p>O governo brasileiro assinou neste domingo um acordo militar in\u00e9dito com os Estados Unidos para ampliar a entrada do Brasil no mercado de defesa americano. O acerto, que \u00e9 visto como o principal resultado pr\u00e1tico da visita de Bolsonaro \u00e0 Fl\u00f3rida, pode ainda contribuir para a capacita\u00e7\u00e3o da ind\u00fastria brasileira e para a abertura do mercado norte-americano para a produ\u00e7\u00e3o nacional da \u00e1rea militar.<\/p>\n\n\n\n<p>O pacto RDT&amp;E (sigla em ingl\u00eas para pesquisa, desenvolvimento, testes e avalia\u00e7\u00e3o) prev\u00ea a possibilidade de parceria em projetos para tecnologias de defesa, que podem levar a produtos com patentes a serem divididas entre os dois pa\u00edses e exploradas pelas empresas desenvolvedoras. O financiamento ser\u00e1 p\u00fablico, e ter\u00e1 que ser dividido entre os dois pa\u00edses, mas o desenvolvimento das pesquisas ser\u00e1 feito por empresas privadas.<\/p>\n\n\n\n<p>Os EUA concentram 39% do gasto militar do mundo. O principal fundo da \u00e1rea de defesa somou quase 100 milh\u00f5es de d\u00f3lares em 2019.<\/p>\n\n\n\n<p>Empresas brasileiras e americanas poder\u00e3o se associar para desenvolver tecnologias e se candidatar ao financiamento. O acordo n\u00e3o prev\u00ea um valor obrigat\u00f3rio de financiamento e os custos ser\u00e3o divididos entre os dois pa\u00edses, em que pese a diferen\u00e7a nos tamanhos das economias e dos or\u00e7amentos das duas na\u00e7\u00f5es.<\/p>\n\n\n\n<p>No entanto, na quest\u00e3o tecnol\u00f3gica, o aporte de tecnologia inicial n\u00e3o precisar\u00e1 ser equitativo, o que, segundo o governo brasileiro poder\u00e1 trazer mais capacita\u00e7\u00e3o para a ind\u00fastria nacional de defesa, que tem hoje 220 empresas, entre elas Embraer, Taurus e Companhia Brasileira de Cartuchos, mas s\u00e3o em sua maioria de m\u00e9dio ou pequeno porte.<\/p>\n\n\n\n<p>O Brasil exporta produtos de defesa hoje para 85 pa\u00edses, com vendas de 1,23 bilh\u00e3o de d\u00f3lares em 2019. A meta do governo, no entanto, \u00e9 abrir mais mercados, especialmente o americano, maior do mundo, e o dos 28 pa\u00edses membros da Organiza\u00e7\u00e3o do Tratado do Atl\u00e2ntico Norte (Otan) \u2013do qual o Brasil se tornou aliado extra-bloco no ano passado por incentivo dos americanos. Quase todos esses pa\u00edses t\u00eam acesso ao fundo americano de defesa.<\/p>\n\n\n\n<p>\u201cQuero ressaltar que o acordo que assinamos hoje vem a somar com o que aconteceu em 2019, quando depois de 20 anos tivemos a aprova\u00e7\u00e3o do acordo de salvaguardas tecnol\u00f3gicas (para uso da base de Alc\u00e2ntara). Em seguida fomos reconhecidos como aliados extra-Otan. Esse \u00e9 mais um acordo in\u00e9dito\u201d, disse o ministro da Defesa, Fernando Azevedo e Silva.<\/p>\n\n\n\n<p>O pacto est\u00e1 sendo tratado como ponto alto da viagem do presidente Jair Bolsonaro a Miami, esta semana. Apesar de a negocia\u00e7\u00e3o ter come\u00e7ado na verdade em 2017, ainda no governo de Michel Temer, tomou mais f\u00f4lego no ano passado, quando Bolsonaro \u2013que tem interesse especial na \u00e1rea e abriu uma pol\u00edtica de alinhamento com os Estados Unidos\u2013 assumiu o governo. A coopera\u00e7\u00e3o na \u00e1rea de defesa e intelig\u00eancia \u00e9 um dos pontos centrais das rela\u00e7\u00f5es entre Brasil e Estados Unidos.<\/p>\n","protected":false},"excerpt":{"rendered":"<p>O governo brasileiro assinou neste domingo um acordo militar in\u00e9dito com os Estados Unidos para ampliar a entrada do Brasil no mercado de defesa americano.&hellip; <\/p>\n","protected":false},"author":2,"featured_media":157029,"comment_status":"closed","ping_status":"closed","sticky":false,"template":"","format":"standard","meta":{"sfsi_plus_gutenberg_text_before_share":"","sfsi_plus_gutenberg_show_text_before_share":"","sfsi_plus_gutenberg_icon_type":"","sfsi_plus_gutenberg_icon_alignemt":"","sfsi_plus_gutenburg_max_per_row":"","footnotes":""},"categories":[2],"tags":[],"class_list":["post-157028","post","type-post","status-publish","format-standard","has-post-thumbnail","hentry","category-geral"],"_links":{"self":[{"href":"https:\/\/www.caririemacao.com\/1\/wp-json\/wp\/v2\/posts\/157028","targetHints":{"allow":["GET"]}}],"collection":[{"href":"https:\/\/www.caririemacao.com\/1\/wp-json\/wp\/v2\/posts"}],"about":[{"href":"https:\/\/www.caririemacao.com\/1\/wp-json\/wp\/v2\/types\/post"}],"author":[{"embeddable":true,"href":"https:\/\/www.caririemacao.com\/1\/wp-json\/wp\/v2\/users\/2"}],"replies":[{"embeddable":true,"href":"https:\/\/www.caririemacao.com\/1\/wp-json\/wp\/v2\/comments?post=157028"}],"version-history":[{"count":1,"href":"https:\/\/www.caririemacao.com\/1\/wp-json\/wp\/v2\/posts\/157028\/revisions"}],"predecessor-version":[{"id":157030,"href":"https:\/\/www.caririemacao.com\/1\/wp-json\/wp\/v2\/posts\/157028\/revisions\/157030"}],"wp:featuredmedia":[{"embeddable":true,"href":"https:\/\/www.caririemacao.com\/1\/wp-json\/wp\/v2\/media\/157029"}],"wp:attachment":[{"href":"https:\/\/www.caririemacao.com\/1\/wp-json\/wp\/v2\/media?parent=157028"}],"wp:term":[{"taxonomy":"category","embeddable":true,"href":"https:\/\/www.caririemacao.com\/1\/wp-json\/wp\/v2\/categories?post=157028"},{"taxonomy":"post_tag","embeddable":true,"href":"https:\/\/www.caririemacao.com\/1\/wp-json\/wp\/v2\/tags?post=157028"}],"curies":[{"name":"wp","href":"https:\/\/api.w.org\/{rel}","templated":true}]}}