{"id":157031,"date":"2020-03-09T08:08:26","date_gmt":"2020-03-09T11:08:26","guid":{"rendered":"http:\/\/www.caririemacao.com\/1\/?p=157031"},"modified":"2020-03-09T08:08:28","modified_gmt":"2020-03-09T11:08:28","slug":"michelle-bolsonaro-vai-processar-quem-divulgou-que-ela-tinha-caso-extraconjugal","status":"publish","type":"post","link":"https:\/\/www.caririemacao.com\/1\/2020\/03\/09\/michelle-bolsonaro-vai-processar-quem-divulgou-que-ela-tinha-caso-extraconjugal\/","title":{"rendered":"Michelle Bolsonaro vai processar quem divulgou que ela tinha caso extraconjugal"},"content":{"rendered":"\n<p>A primeira-dama Michelle Bolsonaro decidiu processar jornalistas, publica\u00e7\u00f5es e todas as pessoas que disseminaram o boato de que ela estava tendo um relacionamento extraconjugal com o ex-ministro da Cidadania Osmar Terra.<\/p>\n\n\n\n<p>Ela ser\u00e1 representada pelo advogado paulista Daniel Bialski.<\/p>\n\n\n\n<p>O defensor afirma que apresentar\u00e1 uma queixa-crime contra o jornalista Germano Oliveira, diretor de reda\u00e7\u00e3o da revista Isto \u00c9. Em outra a\u00e7\u00e3o judicial, pedir\u00e1 indeniza\u00e7\u00e3o ao profissional e \u00e0 revista. E ainda solicitar\u00e1 a abertura de um inqu\u00e9rito para &#8220;descobrir quem ajudou a propagar ofensas \u00e0 honra, \u00e0 dignidade e ao bom nome de Michelle Bolsonaro&#8221;.<\/p>\n\n\n\n<p><strong>LEIA MAIS<\/strong>:&nbsp;<a href=\"https:\/\/www.clickpb.com.br\/brasil\/michelle-bolsonaro-e-osmar-terra-teriam-caso-extraconjugal-afirma-colunista-278925.html\">Michelle Bolsonaro e Osmar Terra teriam caso extraconjugal, afirma colunista<\/a><br><\/p>\n\n\n\n<p>&#8220;As pessoas ter\u00e3o a oportunidade de se desculpar com ela. Caso contr\u00e1rio, ser\u00e3o processadas&#8221;, afirma Bialski. &#8220;Ela [primeira-dama] \u00e9 uma mulher religiosa e correta. Est\u00e1 indignada [com as insinua\u00e7\u00f5es].&#8221;<\/p>\n\n\n\n<p>Na semana passada, o nome de Osmar Terra foi parar nos assuntos mais comentados do Twitter por causa do suposto relacionamento. A not\u00edcia repercutiu tamb\u00e9m em outras redes sociais. O ex-ministro se manifestou afirmando que se tratava de uma mentira.<\/p>\n\n\n\n<p>&#8220;A matilha se superou, tamb\u00e9m me agredindo e \u00e0quilo que tenho de mais sagrado: a minha fam\u00edlia e a minha integridade moral. \u00c9 o lixo da esgotosfera nas redes e em setores da imprensa. N\u00e3o conseguir\u00e3o me constranger&#8221;, escreveu ele no Twitter.<\/p>\n\n\n\n<p>O jornalista Germano Oliveira sustenta que em momento algum escreveu que Michelle Bolsonaro tinha uma rela\u00e7\u00e3o extraconjugal e diz que n\u00e3o pode se responsabilizar por coment\u00e1rios feitos na internet a partir de seu texto. Ele afirma que os advogados da Isto \u00c9 v\u00e3o exigir retrata\u00e7\u00e3o de ve\u00edculos de internet que fizeram a interpreta\u00e7\u00e3o.<\/p>\n\n\n\n<p>A nota publicada por Oliveira dizia o seguinte: &#8220;Michelle Bolsonaro, de 37 anos, demonstra certo desconforto no casamento. Foi sozinha \u00e0 festa de casamento da deputada Carla Zambelli, na sexta-feira, 14. Na v\u00e9spera de Natal, resolveu fazer uma cirurgia nos seios, e o marido viajou para a praia na Bahia. Nos \u00faltimos meses, viajava sozinha pelo pa\u00eds com o ministro Osmar Terra, que acaba de cair. Agora, Bolsonaro resolveu vigi\u00e1-la de perto e instalou-a na Biblioteca do Planalto&#8221;.<\/p>\n","protected":false},"excerpt":{"rendered":"<p>A primeira-dama Michelle Bolsonaro decidiu processar jornalistas, publica\u00e7\u00f5es e todas as pessoas que disseminaram o boato de que ela estava tendo um relacionamento extraconjugal com&hellip; <\/p>\n","protected":false},"author":2,"featured_media":157032,"comment_status":"closed","ping_status":"closed","sticky":false,"template":"","format":"standard","meta":{"sfsi_plus_gutenberg_text_before_share":"","sfsi_plus_gutenberg_show_text_before_share":"","sfsi_plus_gutenberg_icon_type":"","sfsi_plus_gutenberg_icon_alignemt":"","sfsi_plus_gutenburg_max_per_row":"","footnotes":""},"categories":[11],"tags":[],"class_list":["post-157031","post","type-post","status-publish","format-standard","has-post-thumbnail","hentry","category-politica"],"_links":{"self":[{"href":"https:\/\/www.caririemacao.com\/1\/wp-json\/wp\/v2\/posts\/157031","targetHints":{"allow":["GET"]}}],"collection":[{"href":"https:\/\/www.caririemacao.com\/1\/wp-json\/wp\/v2\/posts"}],"about":[{"href":"https:\/\/www.caririemacao.com\/1\/wp-json\/wp\/v2\/types\/post"}],"author":[{"embeddable":true,"href":"https:\/\/www.caririemacao.com\/1\/wp-json\/wp\/v2\/users\/2"}],"replies":[{"embeddable":true,"href":"https:\/\/www.caririemacao.com\/1\/wp-json\/wp\/v2\/comments?post=157031"}],"version-history":[{"count":1,"href":"https:\/\/www.caririemacao.com\/1\/wp-json\/wp\/v2\/posts\/157031\/revisions"}],"predecessor-version":[{"id":157033,"href":"https:\/\/www.caririemacao.com\/1\/wp-json\/wp\/v2\/posts\/157031\/revisions\/157033"}],"wp:featuredmedia":[{"embeddable":true,"href":"https:\/\/www.caririemacao.com\/1\/wp-json\/wp\/v2\/media\/157032"}],"wp:attachment":[{"href":"https:\/\/www.caririemacao.com\/1\/wp-json\/wp\/v2\/media?parent=157031"}],"wp:term":[{"taxonomy":"category","embeddable":true,"href":"https:\/\/www.caririemacao.com\/1\/wp-json\/wp\/v2\/categories?post=157031"},{"taxonomy":"post_tag","embeddable":true,"href":"https:\/\/www.caririemacao.com\/1\/wp-json\/wp\/v2\/tags?post=157031"}],"curies":[{"name":"wp","href":"https:\/\/api.w.org\/{rel}","templated":true}]}}