{"id":157035,"date":"2020-03-09T08:09:59","date_gmt":"2020-03-09T11:09:59","guid":{"rendered":"http:\/\/www.caririemacao.com\/1\/?p=157035"},"modified":"2020-03-09T08:10:01","modified_gmt":"2020-03-09T11:10:01","slug":"bolsonaro-e-trump-conversam-sobre-pacote-bilateral-de-comercio","status":"publish","type":"post","link":"https:\/\/www.caririemacao.com\/1\/2020\/03\/09\/bolsonaro-e-trump-conversam-sobre-pacote-bilateral-de-comercio\/","title":{"rendered":"Bolsonaro e Trump conversam sobre pacote bilateral de com\u00e9rcio"},"content":{"rendered":"\n<p>Interessados em intensificar a parceria econ\u00f4mica entre Brasil e Estados Unidos, os presidentes Jair Bolsonaro e Donaldo Trump instru\u00edram seus negociadores a aprofundar as discuss\u00f5es pr\u00e9vias \u00e0 poss\u00edvel assinatura de um pacote bilateral de com\u00e9rcio. A informa\u00e7\u00e3o foi confirmada pelo Minist\u00e9rio das Rela\u00e7\u00f5es Exteriores. Segundo a pasta, a inten\u00e7\u00e3o \u00e9 que um acordo seja assinado ainda neste ano.<\/p>\n\n\n\n<p>Bolsonaro e Trump se reuniram na noite deste s\u00e1bado (7), durante um jantar em um resort pertencente ao pr\u00f3prio chefe do Executivo norte-americano, localizado em Palm Beach, na Fl\u00f3rida.<\/p>\n\n\n\n<p>Acompanhados por membros da equipe de governo, assessores e jornalistas, os dois pol\u00edticos conversaram sobre alguns temas de interesse dos dois pa\u00edses, como os potenciais benef\u00edcios da amplia\u00e7\u00e3o das rela\u00e7\u00f5es econ\u00f4micas bilaterais.<\/p>\n\n\n\n<p><strong>OCDE<\/strong><br><\/p>\n\n\n\n<p>Em nota divulgada na madrugada de hoje (8), o Itamaraty trata o aprofundamento da parceria como uma \u201calian\u00e7a estrat\u00e9gica\u201d entre os dois pa\u00edses. De acordo com o minist\u00e9rio, Trump reiterou o apoio norte-americano ao in\u00edcio do processo de entrada do Brasil na Organiza\u00e7\u00e3o para a Coopera\u00e7\u00e3o e Desenvolvimento Econ\u00f4mico (OCDE).<\/p>\n\n\n\n<p>Ao conversar com jornalistas ainda acompanhado por Bolsonaro, Trump foi questionado sobre a possibilidade dos Estados Unidos sobretaxar produtos importados do Brasil como forma de compensar os impactos negativos que o Real desvalorizado em compara\u00e7\u00e3o ao d\u00f3lar pode causar aos produtores norte-americanos. Trump respondeu que n\u00e3o faria promessa sobre o assunto.<\/p>\n\n\n\n<p>Os dois presidentes tamb\u00e9m discutiram acelerar a participa\u00e7\u00e3o do Brasil no programa de Operadores Econ\u00f4micos Autorizados, que agilizar\u00e1 o com\u00e9rcio entre os dois pa\u00edses ao garantir a seguran\u00e7a dos bens importados, com objetivo de entrada no programa em 2021.<\/p>\n\n\n\n<p>Em sua conta no Twitter, Bolsonaro postou um v\u00eddeo com trechos do encontro. Ao discursar, o presidente brasileiro fala sobre a import\u00e2ncia dos \u201cla\u00e7os de amizade\u201d entre os dois pa\u00edses. \u201cEstou muito feliz em ser amigo do governo americano\u201d, disse Bolsonaro.<\/p>\n\n\n\n<p>Tamb\u00e9m no Twitter, o chanceler Ernesto Ara\u00fajo comentou que as conversa\u00e7\u00f5es presidenciais permitem o avan\u00e7o \u201cna constru\u00e7\u00e3o de uma alian\u00e7a Brasil-EUA pela democracia, seguran\u00e7a e prosperidade\u201d.<\/p>\n\n\n\n<p><strong>Am\u00e9rica Latina e Oriente M\u00e9dio<\/strong><br><\/p>\n\n\n\n<p>De acordo com o Itamaraty, Bolsonaro e Trump reiteraram o apoio de seus governos ao auto-declarado presidente da Venezuela, Juan Guaid\u00f3; e \u00e0 realiza\u00e7\u00e3o de elei\u00e7\u00f5es livres e justas na Bol\u00edvia, previstas para ocorrer em maio. Os dois presidentes tamb\u00e9m reiteram o compromisso com a paz e a prosperidade no Oriente M\u00e9dio, com o brasileiro elogiando a proposta norte-americana de estimular a coexist\u00eancia pac\u00edfica entre o Estado de Israel e um Estado palestino.<\/p>\n\n\n\n<p>Os dois l\u00edderes tamb\u00e9m trataram das negocia\u00e7\u00f5es para assinatura de acordos de coopera\u00e7\u00e3o bilateral em outras \u00e1reas, inclusive em pesquisa e desenvolvimento militar; setores aeroespacial; de ci\u00eancia e tecnologia; sa\u00fade e inova\u00e7\u00e3o.<\/p>\n\n\n\n<p><strong>Agenda<\/strong><br><\/p>\n\n\n\n<p>A previs\u00e3o \u00e9 de que Bolsonaro permane\u00e7a nos Estados Unidos at\u00e9 ter\u00e7a-feira (10). Hoje, ele e parte de sua equipe ministerial visitam o Comando Militar do Sul, respons\u00e1vel por coordenar as opera\u00e7\u00f5es militares dos Estados Unidos no Caribe, Centro e Am\u00e9rica do Sul.<\/p>\n\n\n\n<p>Integram a comitiva brasileira, al\u00e9m do presidente e assessores pr\u00f3ximos, os ministros Ernesto Ara\u00fajo (Rela\u00e7\u00f5es Exteriores), Fernando Azevedo e Silva (Defesa) e Augusto Heleno (Gabinete de Seguran\u00e7a Institucional), al\u00e9m do deputado federal Eduardo Bolsonaro (PSL-SP), que escreveu, no Twitter, que \u201cBrasil e EUA, antes de mais nada, trabalham para serem pa\u00edses pr\u00f3speros, apostando no livre mercado, num Estado menor, apoiando a leg\u00edtima defesa atrav\u00e9s de armas e respeitando os valores judaico-crist\u00e3os da maioria de nossas sociedades.\u201d<\/p>\n","protected":false},"excerpt":{"rendered":"<p>Interessados em intensificar a parceria econ\u00f4mica entre Brasil e Estados Unidos, os presidentes Jair Bolsonaro e Donaldo Trump instru\u00edram seus negociadores a aprofundar as discuss\u00f5es&hellip; <\/p>\n","protected":false},"author":2,"featured_media":157036,"comment_status":"closed","ping_status":"closed","sticky":false,"template":"","format":"standard","meta":{"sfsi_plus_gutenberg_text_before_share":"","sfsi_plus_gutenberg_show_text_before_share":"","sfsi_plus_gutenberg_icon_type":"","sfsi_plus_gutenberg_icon_alignemt":"","sfsi_plus_gutenburg_max_per_row":"","footnotes":""},"categories":[11],"tags":[],"class_list":["post-157035","post","type-post","status-publish","format-standard","has-post-thumbnail","hentry","category-politica"],"_links":{"self":[{"href":"https:\/\/www.caririemacao.com\/1\/wp-json\/wp\/v2\/posts\/157035","targetHints":{"allow":["GET"]}}],"collection":[{"href":"https:\/\/www.caririemacao.com\/1\/wp-json\/wp\/v2\/posts"}],"about":[{"href":"https:\/\/www.caririemacao.com\/1\/wp-json\/wp\/v2\/types\/post"}],"author":[{"embeddable":true,"href":"https:\/\/www.caririemacao.com\/1\/wp-json\/wp\/v2\/users\/2"}],"replies":[{"embeddable":true,"href":"https:\/\/www.caririemacao.com\/1\/wp-json\/wp\/v2\/comments?post=157035"}],"version-history":[{"count":1,"href":"https:\/\/www.caririemacao.com\/1\/wp-json\/wp\/v2\/posts\/157035\/revisions"}],"predecessor-version":[{"id":157037,"href":"https:\/\/www.caririemacao.com\/1\/wp-json\/wp\/v2\/posts\/157035\/revisions\/157037"}],"wp:featuredmedia":[{"embeddable":true,"href":"https:\/\/www.caririemacao.com\/1\/wp-json\/wp\/v2\/media\/157036"}],"wp:attachment":[{"href":"https:\/\/www.caririemacao.com\/1\/wp-json\/wp\/v2\/media?parent=157035"}],"wp:term":[{"taxonomy":"category","embeddable":true,"href":"https:\/\/www.caririemacao.com\/1\/wp-json\/wp\/v2\/categories?post=157035"},{"taxonomy":"post_tag","embeddable":true,"href":"https:\/\/www.caririemacao.com\/1\/wp-json\/wp\/v2\/tags?post=157035"}],"curies":[{"name":"wp","href":"https:\/\/api.w.org\/{rel}","templated":true}]}}