{"id":157039,"date":"2020-03-09T08:11:18","date_gmt":"2020-03-09T11:11:18","guid":{"rendered":"http:\/\/www.caririemacao.com\/1\/?p=157039"},"modified":"2020-03-09T08:11:20","modified_gmt":"2020-03-09T11:11:20","slug":"brasil-confirma-mais-6-casos-de-coronavirus-total-de-25-pacientes","status":"publish","type":"post","link":"https:\/\/www.caririemacao.com\/1\/2020\/03\/09\/brasil-confirma-mais-6-casos-de-coronavirus-total-de-25-pacientes\/","title":{"rendered":"Brasil confirma mais 6 casos de coronav\u00edrus; total de 25 pacientes"},"content":{"rendered":"\n<p>O Minist\u00e9rio da Sa\u00fade confirmou hoje (8) mais seis novos casos de coronav\u00edrus no pa\u00eds, totalizando 25 casos at\u00e9 o momento. Dos novos registros, tr\u00eas est\u00e3o em&nbsp;<a href=\"https:\/\/agenciabrasil.ebc.com.br\/saude\/noticia\/2020-03\/estado-de-sp-tem-16-casos-de-coronavirus\" target=\"_blank\" rel=\"noreferrer noopener\">S\u00e3o Paulo<\/a>, um em Alagoas, um no&nbsp;<a href=\"https:\/\/www.google.com\/search?client=firefox-b-d&amp;q=(https%3A%2F%2Fagenciabrasil.ebc.com.br%2Fsaude%2Fnoticia%2F2020-03%2Fsobe-para-20-casos-confirmados-de-covid-19-no-brasil-rio-tem-tres\" target=\"_blank\" rel=\"noreferrer noopener\">Rio de Janeiro<\/a>&nbsp;e um em Minas Gerais.<\/p>\n\n\n\n<p>Cinco desses casos foram de pessoas que se contaminaram fora do pa\u00eds. O outro caso, um dos tr\u00eas de S\u00e3o Paulo, \u00e9 de uma contamina\u00e7\u00e3o local, ou seja, quando \u00e9 poss\u00edvel identificar a fonte do cont\u00e1gio. Segundo a Secretaria de Sa\u00fade do estado, os tr\u00eas novos casos do estado est\u00e3o est\u00e1veis e em isolamento domiciliar.<\/p>\n\n\n\n<p>No caso do paciente do Rio de Janeiro, trata-se de uma mulher de 42 anos, moradora no munic\u00edpio do Rio, que acompanhou em viagem \u00e0 It\u00e1lia uma pessoa j\u00e1 confirmada como positiva para o coronav\u00edrus. Ela retornou do exterior na \u00faltima quarta-feira (4). Os primeiros sinais apareceram no dia seguinte \u00e0 sua chegada ao Brasil. Essa mulher tamb\u00e9m est\u00e1 em isolamento domiciliar.<\/p>\n\n\n\n<p>Atualmente, 664 casos s\u00e3o considerados suspeitos e outras 632 pessoas j\u00e1 foram descartadas como portadoras do Covid-19. O minist\u00e9rio recebe as notifica\u00e7\u00f5es de suspeitas das secretarias estaduais de sa\u00fade. Da mesma forma, s\u00e3o as secretarias que confirmam os casos, sendo que a contraprova deve ser realizada por laborat\u00f3rios atestados pelo governo federal.<\/p>\n\n\n\n<p>Para combater a doen\u00e7a, as dicas s\u00e3o cobrir a boca e o nariz ao tossir e espirrar; utilizar len\u00e7o descart\u00e1vel para higiene nasal; evitar tocar as mucosas de olhos, nariz e boca; limpar regularmente o ambiente e mant\u00ea-lo ventilado; lavar as m\u00e3os por pelo menos 20 segundos com \u00e1gua e sab\u00e3o ou usar \u00e1lcool gel.<\/p>\n","protected":false},"excerpt":{"rendered":"<p>O Minist\u00e9rio da Sa\u00fade confirmou hoje (8) mais seis novos casos de coronav\u00edrus no pa\u00eds, totalizando 25 casos at\u00e9 o momento. Dos novos registros, tr\u00eas&hellip; <\/p>\n","protected":false},"author":2,"featured_media":157040,"comment_status":"closed","ping_status":"closed","sticky":false,"template":"","format":"standard","meta":{"sfsi_plus_gutenberg_text_before_share":"","sfsi_plus_gutenberg_show_text_before_share":"","sfsi_plus_gutenberg_icon_type":"","sfsi_plus_gutenberg_icon_alignemt":"","sfsi_plus_gutenburg_max_per_row":"","footnotes":""},"categories":[16],"tags":[],"class_list":["post-157039","post","type-post","status-publish","format-standard","has-post-thumbnail","hentry","category-saude"],"_links":{"self":[{"href":"https:\/\/www.caririemacao.com\/1\/wp-json\/wp\/v2\/posts\/157039","targetHints":{"allow":["GET"]}}],"collection":[{"href":"https:\/\/www.caririemacao.com\/1\/wp-json\/wp\/v2\/posts"}],"about":[{"href":"https:\/\/www.caririemacao.com\/1\/wp-json\/wp\/v2\/types\/post"}],"author":[{"embeddable":true,"href":"https:\/\/www.caririemacao.com\/1\/wp-json\/wp\/v2\/users\/2"}],"replies":[{"embeddable":true,"href":"https:\/\/www.caririemacao.com\/1\/wp-json\/wp\/v2\/comments?post=157039"}],"version-history":[{"count":1,"href":"https:\/\/www.caririemacao.com\/1\/wp-json\/wp\/v2\/posts\/157039\/revisions"}],"predecessor-version":[{"id":157041,"href":"https:\/\/www.caririemacao.com\/1\/wp-json\/wp\/v2\/posts\/157039\/revisions\/157041"}],"wp:featuredmedia":[{"embeddable":true,"href":"https:\/\/www.caririemacao.com\/1\/wp-json\/wp\/v2\/media\/157040"}],"wp:attachment":[{"href":"https:\/\/www.caririemacao.com\/1\/wp-json\/wp\/v2\/media?parent=157039"}],"wp:term":[{"taxonomy":"category","embeddable":true,"href":"https:\/\/www.caririemacao.com\/1\/wp-json\/wp\/v2\/categories?post=157039"},{"taxonomy":"post_tag","embeddable":true,"href":"https:\/\/www.caririemacao.com\/1\/wp-json\/wp\/v2\/tags?post=157039"}],"curies":[{"name":"wp","href":"https:\/\/api.w.org\/{rel}","templated":true}]}}