{"id":157042,"date":"2020-03-09T08:14:46","date_gmt":"2020-03-09T11:14:46","guid":{"rendered":"http:\/\/www.caririemacao.com\/1\/?p=157042"},"modified":"2020-03-09T08:14:47","modified_gmt":"2020-03-09T11:14:47","slug":"pb-inicia-vacinacao-contra-gripe-em-23-de-marco","status":"publish","type":"post","link":"https:\/\/www.caririemacao.com\/1\/2020\/03\/09\/pb-inicia-vacinacao-contra-gripe-em-23-de-marco\/","title":{"rendered":"PB inicia vacina\u00e7\u00e3o contra gripe em 23 de mar\u00e7o"},"content":{"rendered":"\n<p>A Secretaria de Estado da Sa\u00fade (SES) vai antecipar a campanha de vacina\u00e7\u00e3o contra a gripe (influenza) como estrat\u00e9gia para diminuir a quantidade de pessoas com gripe nesse inverno, conforme orienta\u00e7\u00e3o do Minist\u00e9rio da Sa\u00fade. A 22\u00aa edi\u00e7\u00e3o, que come\u00e7aria na segunda quinzena de abril, acontecer\u00e1 a partir do pr\u00f3ximo dia 23 de mar\u00e7o. Na primeira fase, que vai at\u00e9 o dia 15 de abril, ser\u00e3o vacinadas crian\u00e7as (de seis meses at\u00e9 menores de seis anos), gestantes e pu\u00e9rperas (at\u00e9 45 dias ap\u00f3s o parto), historicamente mais vulner\u00e1veis \u00e0 doen\u00e7a, que pode levar at\u00e9 a morte.<\/p>\n\n\n\n<p>\u201cEstamos aguardando chegada das vacinas para encaminhar aos munic\u00edpios da Para\u00edba. Entretanto, j\u00e1 refor\u00e7amos que a influenza \u00e9 uma infec\u00e7\u00e3o viral aguda que afeta o sistema respirat\u00f3rio. A imuniza\u00e7\u00e3o \u00e9 muito importante para a preven\u00e7\u00e3o e reduz significativamente a possibilidade de contrair o v\u00edrus, al\u00e9m de contribuir para redu\u00e7\u00e3o do quadro de doen\u00e7as respirat\u00f3rias mais graves, como pneumonia e infec\u00e7\u00f5es do trato respirat\u00f3rio\u201d, explicou a assessora t\u00e9cnica do N\u00facleo de Imuniza\u00e7\u00e3o da SES, Milena Vitorino de Souza Vasconcelos.<\/p>\n\n\n\n<p>A segunda fase da campanha de vacina\u00e7\u00e3o contra a gripe come\u00e7a no dia 16 de abril e contempla os idosos (60 anos ou mais). Na sequ\u00eancia, no dia 9 de maio, a campanha ser\u00e1 aberta para os trabalhadores de sa\u00fade, professores das escolas p\u00fablicas e privadas, popula\u00e7\u00e3o ind\u00edgena, grupos portadores de doen\u00e7as cr\u00f4nicas n\u00e3o transmiss\u00edveis e outras condi\u00e7\u00f5es cl\u00ednicas especiais, adolescentes e jovens de 12 a 21 anos sob medidas socioeducativas, popula\u00e7\u00e3o privada de liberdade e funcion\u00e1rios do sistema prisional e adultos de 55 a 59 anos de idade. A vacina\u00e7\u00e3o ser\u00e1 encerrada no dia 23 de maio. A meta \u00e9 vacinar, pelo menos, 90% de cada um dos grupos priorit\u00e1rios.<\/p>\n","protected":false},"excerpt":{"rendered":"<p>A Secretaria de Estado da Sa\u00fade (SES) vai antecipar a campanha de vacina\u00e7\u00e3o contra a gripe (influenza) como estrat\u00e9gia para diminuir a quantidade de pessoas&hellip; <\/p>\n","protected":false},"author":2,"featured_media":157043,"comment_status":"closed","ping_status":"closed","sticky":false,"template":"","format":"standard","meta":{"sfsi_plus_gutenberg_text_before_share":"","sfsi_plus_gutenberg_show_text_before_share":"","sfsi_plus_gutenberg_icon_type":"","sfsi_plus_gutenberg_icon_alignemt":"","sfsi_plus_gutenburg_max_per_row":"","footnotes":""},"categories":[2],"tags":[],"class_list":["post-157042","post","type-post","status-publish","format-standard","has-post-thumbnail","hentry","category-geral"],"_links":{"self":[{"href":"https:\/\/www.caririemacao.com\/1\/wp-json\/wp\/v2\/posts\/157042","targetHints":{"allow":["GET"]}}],"collection":[{"href":"https:\/\/www.caririemacao.com\/1\/wp-json\/wp\/v2\/posts"}],"about":[{"href":"https:\/\/www.caririemacao.com\/1\/wp-json\/wp\/v2\/types\/post"}],"author":[{"embeddable":true,"href":"https:\/\/www.caririemacao.com\/1\/wp-json\/wp\/v2\/users\/2"}],"replies":[{"embeddable":true,"href":"https:\/\/www.caririemacao.com\/1\/wp-json\/wp\/v2\/comments?post=157042"}],"version-history":[{"count":1,"href":"https:\/\/www.caririemacao.com\/1\/wp-json\/wp\/v2\/posts\/157042\/revisions"}],"predecessor-version":[{"id":157044,"href":"https:\/\/www.caririemacao.com\/1\/wp-json\/wp\/v2\/posts\/157042\/revisions\/157044"}],"wp:featuredmedia":[{"embeddable":true,"href":"https:\/\/www.caririemacao.com\/1\/wp-json\/wp\/v2\/media\/157043"}],"wp:attachment":[{"href":"https:\/\/www.caririemacao.com\/1\/wp-json\/wp\/v2\/media?parent=157042"}],"wp:term":[{"taxonomy":"category","embeddable":true,"href":"https:\/\/www.caririemacao.com\/1\/wp-json\/wp\/v2\/categories?post=157042"},{"taxonomy":"post_tag","embeddable":true,"href":"https:\/\/www.caririemacao.com\/1\/wp-json\/wp\/v2\/tags?post=157042"}],"curies":[{"name":"wp","href":"https:\/\/api.w.org\/{rel}","templated":true}]}}