{"id":157045,"date":"2020-03-09T08:51:07","date_gmt":"2020-03-09T11:51:07","guid":{"rendered":"http:\/\/www.caririemacao.com\/1\/?p=157045"},"modified":"2020-03-09T08:51:08","modified_gmt":"2020-03-09T11:51:08","slug":"sume-acumula-1838-mm-de-chuvas-em-marco","status":"publish","type":"post","link":"https:\/\/www.caririemacao.com\/1\/2020\/03\/09\/sume-acumula-1838-mm-de-chuvas-em-marco\/","title":{"rendered":"Sum\u00e9 acumula 183,8 mm de chuvas em mar\u00e7o"},"content":{"rendered":"\n<p>De acordo com dados oficiais do pluviom\u00e9trico da Secretaria de Agricultura de Sum\u00e9, choveu na noite\/madrugada deste domingo (08), 62,2mm.<\/p>\n\n\n\n<p>No acumulado do m\u00eas de mar\u00e7o as chuvas na cidade j\u00e1 somam 183,8 mil\u00edmetros.<\/p>\n\n\n\n<p><strong>Confira os dados<\/strong><\/p>\n\n\n\n<p>01\/03: 50,0mm<\/p>\n\n\n\n<p>02\/03: 20,6mm<\/p>\n\n\n\n<p>04\/03: 51,0mm<\/p>\n\n\n\n<p>08\/03: 62,2mm<\/p>\n\n\n\n<p><strong><em>Not\u00edcias em Destaque<\/em><\/strong><\/p>\n","protected":false},"excerpt":{"rendered":"<p>De acordo com dados oficiais do pluviom\u00e9trico da Secretaria de Agricultura de Sum\u00e9, choveu na noite\/madrugada deste domingo (08), 62,2mm. No acumulado do m\u00eas de&hellip; <\/p>\n","protected":false},"author":2,"featured_media":157046,"comment_status":"closed","ping_status":"closed","sticky":false,"template":"","format":"standard","meta":{"sfsi_plus_gutenberg_text_before_share":"","sfsi_plus_gutenberg_show_text_before_share":"","sfsi_plus_gutenberg_icon_type":"","sfsi_plus_gutenberg_icon_alignemt":"","sfsi_plus_gutenburg_max_per_row":"","footnotes":""},"categories":[2],"tags":[],"class_list":["post-157045","post","type-post","status-publish","format-standard","has-post-thumbnail","hentry","category-geral"],"_links":{"self":[{"href":"https:\/\/www.caririemacao.com\/1\/wp-json\/wp\/v2\/posts\/157045","targetHints":{"allow":["GET"]}}],"collection":[{"href":"https:\/\/www.caririemacao.com\/1\/wp-json\/wp\/v2\/posts"}],"about":[{"href":"https:\/\/www.caririemacao.com\/1\/wp-json\/wp\/v2\/types\/post"}],"author":[{"embeddable":true,"href":"https:\/\/www.caririemacao.com\/1\/wp-json\/wp\/v2\/users\/2"}],"replies":[{"embeddable":true,"href":"https:\/\/www.caririemacao.com\/1\/wp-json\/wp\/v2\/comments?post=157045"}],"version-history":[{"count":1,"href":"https:\/\/www.caririemacao.com\/1\/wp-json\/wp\/v2\/posts\/157045\/revisions"}],"predecessor-version":[{"id":157047,"href":"https:\/\/www.caririemacao.com\/1\/wp-json\/wp\/v2\/posts\/157045\/revisions\/157047"}],"wp:featuredmedia":[{"embeddable":true,"href":"https:\/\/www.caririemacao.com\/1\/wp-json\/wp\/v2\/media\/157046"}],"wp:attachment":[{"href":"https:\/\/www.caririemacao.com\/1\/wp-json\/wp\/v2\/media?parent=157045"}],"wp:term":[{"taxonomy":"category","embeddable":true,"href":"https:\/\/www.caririemacao.com\/1\/wp-json\/wp\/v2\/categories?post=157045"},{"taxonomy":"post_tag","embeddable":true,"href":"https:\/\/www.caririemacao.com\/1\/wp-json\/wp\/v2\/tags?post=157045"}],"curies":[{"name":"wp","href":"https:\/\/api.w.org\/{rel}","templated":true}]}}