{"id":157048,"date":"2020-03-09T08:52:47","date_gmt":"2020-03-09T11:52:47","guid":{"rendered":"http:\/\/www.caririemacao.com\/1\/?p=157048"},"modified":"2020-03-09T08:52:51","modified_gmt":"2020-03-09T11:52:51","slug":"dados-do-ibge-apontam-crescimento-de-9-da-economia-de-sume-em-2017-2","status":"publish","type":"post","link":"https:\/\/www.caririemacao.com\/1\/2020\/03\/09\/dados-do-ibge-apontam-crescimento-de-9-da-economia-de-sume-em-2017-2\/","title":{"rendered":"Dados do IBGE apontam crescimento de 9% da economia de Sum\u00e9 em 2017"},"content":{"rendered":"\n<p>Dados coletados pelo IBGE (Instituto Brasileiro de Geografia e Estat\u00edsticas) mostram que do ano de 2016 para 2017 houve um crescimento de 9% do PIB (Produto Interno Bruto) do munic\u00edpio de Sum\u00e9, em 2016 o PIB era de R$ 160.226.080 saltando para R$ 174.652.740 em 2017, o PIB \u00e9 considerado o principal indicador de uma economia local.<\/p>\n\n\n\n<p>Para se ter uma no\u00e7\u00e3o do contexto nacional, o PIB do Brasil cresceu 1,3% de 2016 para 2017, enquanto que o PIB de Sum\u00e9 cresceu 9% no mesmo per\u00edodo.<\/p>\n\n\n\n<p>De 2010 para 2017 o PIB de Sum\u00e9 saiu de R$ 82.253.000 em 2010 para R$ 174.652.740 em 2017, mais que dobrando o seu tamanho, crescendo a uma taxa m\u00e9dia anual de 11,86%.<\/p>\n\n\n\n<div class=\"wp-block-image\"><figure class=\"aligncenter\"><a href=\"http:\/\/noticiasemdestaque.com\/cd\/wp-content\/uploads\/2019\/12\/IBGE-SUM%C3%89-NOT%C3%8DCIAS-EM-DESTAQUE.png\"><img decoding=\"async\" data-src=\"http:\/\/noticiasemdestaque.com\/cd\/wp-content\/uploads\/2019\/12\/IBGE-SUM%C3%89-NOT%C3%8DCIAS-EM-DESTAQUE.png\" alt=\"\" class=\"wp-image-21604 lazyload\" src=\"data:image\/svg+xml;base64,PHN2ZyB3aWR0aD0iMSIgaGVpZ2h0PSIxIiB4bWxucz0iaHR0cDovL3d3dy53My5vcmcvMjAwMC9zdmciPjwvc3ZnPg==\" \/><\/a><\/figure><\/div>\n\n\n\n<p>As informa\u00e7\u00f5es aqui relatadas podem ser acessadas e conferidas atrav\u00e9s do Portal Eletr\u00f4nico do IBGE conforme o&nbsp;<em>link<\/em>&nbsp;que se segue abaixo:<\/p>\n\n\n\n<figure class=\"wp-block-embed\"><div class=\"wp-block-embed__wrapper\">\n<div class=\"ose-wrapper ose-uid-a299882ec3cacd87e3e49b447019a03b ose-embedpress-responsive\" style=\"width:600px; height:550px; max-height:550px; max-width:100%; display:inline-block;\" data-embed-type=\"SelfHosted\"><iframe allowFullScreen=\"true\" width=\"600\" height=\"550\" data-src=\"https:\/\/cidades.ibge.gov.br\/brasil\/pb\/sume\/pesquisa\/38\/46996\"  src=\"data:image\/svg+xml;base64,PHN2ZyB3aWR0aD0iMSIgaGVpZ2h0PSIxIiB4bWxucz0iaHR0cDovL3d3dy53My5vcmcvMjAwMC9zdmciPjwvc3ZnPg==\" class=\"lazyload\" data-load-mode=\"1\"> <\/iframe><\/div>\n<\/div><\/figure>\n\n\n\n<p>Dados do IBGE<\/p>\n","protected":false},"excerpt":{"rendered":"<p>Dados coletados pelo IBGE (Instituto Brasileiro de Geografia e Estat\u00edsticas) mostram que do ano de 2016 para 2017 houve um crescimento de 9% do PIB&hellip; <\/p>\n","protected":false},"author":2,"featured_media":157049,"comment_status":"closed","ping_status":"closed","sticky":false,"template":"","format":"standard","meta":{"sfsi_plus_gutenberg_text_before_share":"","sfsi_plus_gutenberg_show_text_before_share":"","sfsi_plus_gutenberg_icon_type":"","sfsi_plus_gutenberg_icon_alignemt":"","sfsi_plus_gutenburg_max_per_row":"","footnotes":""},"categories":[50,2],"tags":[],"class_list":["post-157048","post","type-post","status-publish","format-standard","has-post-thumbnail","hentry","category-destaque","category-geral"],"_links":{"self":[{"href":"https:\/\/www.caririemacao.com\/1\/wp-json\/wp\/v2\/posts\/157048","targetHints":{"allow":["GET"]}}],"collection":[{"href":"https:\/\/www.caririemacao.com\/1\/wp-json\/wp\/v2\/posts"}],"about":[{"href":"https:\/\/www.caririemacao.com\/1\/wp-json\/wp\/v2\/types\/post"}],"author":[{"embeddable":true,"href":"https:\/\/www.caririemacao.com\/1\/wp-json\/wp\/v2\/users\/2"}],"replies":[{"embeddable":true,"href":"https:\/\/www.caririemacao.com\/1\/wp-json\/wp\/v2\/comments?post=157048"}],"version-history":[{"count":1,"href":"https:\/\/www.caririemacao.com\/1\/wp-json\/wp\/v2\/posts\/157048\/revisions"}],"predecessor-version":[{"id":157050,"href":"https:\/\/www.caririemacao.com\/1\/wp-json\/wp\/v2\/posts\/157048\/revisions\/157050"}],"wp:featuredmedia":[{"embeddable":true,"href":"https:\/\/www.caririemacao.com\/1\/wp-json\/wp\/v2\/media\/157049"}],"wp:attachment":[{"href":"https:\/\/www.caririemacao.com\/1\/wp-json\/wp\/v2\/media?parent=157048"}],"wp:term":[{"taxonomy":"category","embeddable":true,"href":"https:\/\/www.caririemacao.com\/1\/wp-json\/wp\/v2\/categories?post=157048"},{"taxonomy":"post_tag","embeddable":true,"href":"https:\/\/www.caririemacao.com\/1\/wp-json\/wp\/v2\/tags?post=157048"}],"curies":[{"name":"wp","href":"https:\/\/api.w.org\/{rel}","templated":true}]}}