{"id":157052,"date":"2020-03-09T08:56:24","date_gmt":"2020-03-09T11:56:24","guid":{"rendered":"http:\/\/www.caririemacao.com\/1\/?p=157052"},"modified":"2020-03-09T08:56:26","modified_gmt":"2020-03-09T11:56:26","slug":"nordeste-recebe-apenas-3-das-concessoes-do-bolsa-familia-em-janeiro","status":"publish","type":"post","link":"https:\/\/www.caririemacao.com\/1\/2020\/03\/09\/nordeste-recebe-apenas-3-das-concessoes-do-bolsa-familia-em-janeiro\/","title":{"rendered":"Nordeste recebe apenas 3% das concess\u00f5es do Bolsa Fam\u00edlia, em janeiro"},"content":{"rendered":"\n<p>As regi\u00f5es Sul e Sudeste tiveram prioridade no rateamento dos novos benef\u00edcios do Bolsa Fam\u00edlia, em janeiro. J\u00e1 para o Nordeste, onde h\u00e1 concentra\u00e7\u00e3o de 36,8% das fam\u00edlias em situa\u00e7\u00e3o de pobreza ou extrema pobreza na fila de espera do programa, o repasse foi de 3%.<\/p>\n\n\n\n<p>Segundo as informa\u00e7\u00f5es do Minist\u00e9rio da Cidadania ao Congresso, Sul e Sudeste receberam o montante de 75% das novas concess\u00f5es. Vale ressaltar que atualmente, a regi\u00e3o Nordeste conta com 939,6 mil fam\u00edlias em situa\u00e7\u00e3o de extrema pobreza.<\/p>\n\n\n\n<p>Em todo o Brasil, s\u00e3o 2,39 milh\u00f5es de fam\u00edlias nessa situa\u00e7\u00e3o. Outro fato alarmante \u00e9 que o n\u00famero de novos benef\u00edcios concedidos em Santa Catarina, que tem popula\u00e7\u00e3o oito vezes menor que o Nordeste, foi o dobro do repassado \u00e0 regi\u00e3o nordestina inteira. O governador do Estado \u00e9 Carlos Mois\u00e9s (PSL), aliado de Bolsonaro.<\/p>\n\n\n\n<p>A situa\u00e7\u00e3o deixou o senador Tasso Jereissati incomodado. Ele publicou em sua conta oficial no Twitter, na sexta-feira, 6, um v\u00eddeo onde questiona o Governo por fazer o menor repasse de recursos do Bolsa Fam\u00edlia \u00e0 regi\u00e3o Nordeste. Tasso classificou a decis\u00e3o como uma \u201cextravag\u00e2ncia perversa\u201d.<\/p>\n\n\n\n<p>Focus<\/p>\n","protected":false},"excerpt":{"rendered":"<p>As regi\u00f5es Sul e Sudeste tiveram prioridade no rateamento dos novos benef\u00edcios do Bolsa Fam\u00edlia, em janeiro. J\u00e1 para o Nordeste, onde h\u00e1 concentra\u00e7\u00e3o de&hellip; <\/p>\n","protected":false},"author":2,"featured_media":157053,"comment_status":"closed","ping_status":"closed","sticky":false,"template":"","format":"standard","meta":{"sfsi_plus_gutenberg_text_before_share":"","sfsi_plus_gutenberg_show_text_before_share":"","sfsi_plus_gutenberg_icon_type":"","sfsi_plus_gutenberg_icon_alignemt":"","sfsi_plus_gutenburg_max_per_row":"","footnotes":""},"categories":[2],"tags":[],"class_list":["post-157052","post","type-post","status-publish","format-standard","has-post-thumbnail","hentry","category-geral"],"_links":{"self":[{"href":"https:\/\/www.caririemacao.com\/1\/wp-json\/wp\/v2\/posts\/157052","targetHints":{"allow":["GET"]}}],"collection":[{"href":"https:\/\/www.caririemacao.com\/1\/wp-json\/wp\/v2\/posts"}],"about":[{"href":"https:\/\/www.caririemacao.com\/1\/wp-json\/wp\/v2\/types\/post"}],"author":[{"embeddable":true,"href":"https:\/\/www.caririemacao.com\/1\/wp-json\/wp\/v2\/users\/2"}],"replies":[{"embeddable":true,"href":"https:\/\/www.caririemacao.com\/1\/wp-json\/wp\/v2\/comments?post=157052"}],"version-history":[{"count":1,"href":"https:\/\/www.caririemacao.com\/1\/wp-json\/wp\/v2\/posts\/157052\/revisions"}],"predecessor-version":[{"id":157054,"href":"https:\/\/www.caririemacao.com\/1\/wp-json\/wp\/v2\/posts\/157052\/revisions\/157054"}],"wp:featuredmedia":[{"embeddable":true,"href":"https:\/\/www.caririemacao.com\/1\/wp-json\/wp\/v2\/media\/157053"}],"wp:attachment":[{"href":"https:\/\/www.caririemacao.com\/1\/wp-json\/wp\/v2\/media?parent=157052"}],"wp:term":[{"taxonomy":"category","embeddable":true,"href":"https:\/\/www.caririemacao.com\/1\/wp-json\/wp\/v2\/categories?post=157052"},{"taxonomy":"post_tag","embeddable":true,"href":"https:\/\/www.caririemacao.com\/1\/wp-json\/wp\/v2\/tags?post=157052"}],"curies":[{"name":"wp","href":"https:\/\/api.w.org\/{rel}","templated":true}]}}