{"id":157059,"date":"2020-03-09T09:00:36","date_gmt":"2020-03-09T12:00:36","guid":{"rendered":"http:\/\/www.caririemacao.com\/1\/?p=157059"},"modified":"2020-03-09T09:00:38","modified_gmt":"2020-03-09T12:00:38","slug":"criancas-e-adolescentes-da-pb-recebem-kits-de-material-escolar-da-lbv","status":"publish","type":"post","link":"https:\/\/www.caririemacao.com\/1\/2020\/03\/09\/criancas-e-adolescentes-da-pb-recebem-kits-de-material-escolar-da-lbv\/","title":{"rendered":"Crian\u00e7as e adolescentes da PB recebem kits de material escolar da LBV"},"content":{"rendered":"\n<p>Nesta sexta-feira (6 de mar\u00e7o), em dois hor\u00e1rios \u00e0s 9h30 e \u00e0s 15h30, a entrega dos&nbsp;<em>kits<\/em>&nbsp;de material escolar para 158 alunos na faixa et\u00e1ria de 06 a 15 anos, oriundas de fam\u00edlias em vulnerabilidade social atendidos pela Legi\u00e3o da Boa Vontade em Jo\u00e3o Pessoa\/PB, em sua Unidade no Bairro de Jaguaribe.<\/p>\n\n\n\n<p>A a\u00e7\u00e3o faz parte da campanha&nbsp;<em>Crian\u00e7a Nota 10 \u2014 Proteger a inf\u00e2ncia \u00e9 acreditar no futuro<\/em>, promovida pela LBV em todo o Brasil, com o objetivo de apoiar as fam\u00edlias que n\u00e3o tem recursos para a compra do material escolar e incentivar os estudantes a frequentar a escola e a continuar os estudos.<\/p>\n\n\n\n<p>Em todo o pa\u00eds, a campanha entrega mais de&nbsp;<strong>15 mil&nbsp;<em>kits<\/em><\/strong>em&nbsp;<strong>67 munic\u00edpios brasileiros.<\/strong><\/p>\n\n\n\n<p><strong>Os&nbsp;<em>kits&nbsp;<\/em>s\u00e3o compostos de estojo, l\u00e1pis preto e de cor, canetas, apontador, borrachas, tesoura, tubos de cola, tinta guache, cadernos, mochila, r\u00e9gua, dicion\u00e1rio de portugu\u00eas.<\/strong><\/p>\n\n\n\n<p>De acordo com o Instituto Brasileiro de Geografia e Estat\u00edstica (IBGE), a evas\u00e3o escolar abrange, sobretudo, jovens que t\u00eam entre 15 e 17 anos de idade. Os dados indicam que, em 2018, 11,8% dos jovens nessa faixa et\u00e1ria estavam fora da escola, n\u00famero equivalente a 1,1 milh\u00e3o de pessoas.<\/p>\n\n\n\n<p><strong>A LBV<\/strong><\/p>\n\n\n\n<p>A Legi\u00e3o da Boa Vontade acredita que a educa\u00e7\u00e3o iluminada por valores \u00e9ticos, ecum\u00eanicos e espirituais transforma o ser humano para melhor, por isso, h\u00e1 70 anos, ela atua ao lado das popula\u00e7\u00f5es em situa\u00e7\u00e3o de vulnerabilidade social. Em suas unidades que atendem crian\u00e7as e adolescentes, a LBV oferece o apoio necess\u00e1rio \u00e0s fam\u00edlias para que os filhos tenham acesso \u00e0 Educa\u00e7\u00e3o e a garantia e prote\u00e7\u00e3o de seus direitos, al\u00e9m de outros benef\u00edcios como atividades socioeducativas, esportivas, culturais, art\u00edsticas, l\u00fadicas e recreativas e projetos permanentes de incentivo \u00e0 leitura.<\/p>\n\n\n\n<p><strong>Servi\u00e7o:<\/strong><\/p>\n\n\n\n<p><strong>Evento: Entrega de&nbsp;<em>kits&nbsp;<\/em>de material escolar \u2014&nbsp;<em>Crian\u00e7a Nota 10 \u2014 Proteger a inf\u00e2ncia \u00e9 acreditar no futuro!<\/em><\/strong><\/p>\n\n\n\n<p><strong>Data: 06\/03\/2020 \u2014 sexta-feira | Hor\u00e1rio: das 9h30&nbsp;e \u00e0s 15h30<\/strong><\/p>\n\n\n\n<p><strong>Local: Unidade da LBV<\/strong><\/p>\n\n\n\n<p><strong>Endere\u00e7o: Rua das Trincheiras, 703 \u2013 Jaguaribe \u2013 Jo\u00e3o Pessoa\/PB<\/strong><\/p>\n","protected":false},"excerpt":{"rendered":"<p>Nesta sexta-feira (6 de mar\u00e7o), em dois hor\u00e1rios \u00e0s 9h30 e \u00e0s 15h30, a entrega dos&nbsp;kits&nbsp;de material escolar para 158 alunos na faixa et\u00e1ria de&hellip; <\/p>\n","protected":false},"author":2,"featured_media":157056,"comment_status":"closed","ping_status":"closed","sticky":false,"template":"","format":"standard","meta":{"sfsi_plus_gutenberg_text_before_share":"","sfsi_plus_gutenberg_show_text_before_share":"","sfsi_plus_gutenberg_icon_type":"","sfsi_plus_gutenberg_icon_alignemt":"","sfsi_plus_gutenburg_max_per_row":"","footnotes":""},"categories":[2],"tags":[],"class_list":["post-157059","post","type-post","status-publish","format-standard","has-post-thumbnail","hentry","category-geral"],"_links":{"self":[{"href":"https:\/\/www.caririemacao.com\/1\/wp-json\/wp\/v2\/posts\/157059","targetHints":{"allow":["GET"]}}],"collection":[{"href":"https:\/\/www.caririemacao.com\/1\/wp-json\/wp\/v2\/posts"}],"about":[{"href":"https:\/\/www.caririemacao.com\/1\/wp-json\/wp\/v2\/types\/post"}],"author":[{"embeddable":true,"href":"https:\/\/www.caririemacao.com\/1\/wp-json\/wp\/v2\/users\/2"}],"replies":[{"embeddable":true,"href":"https:\/\/www.caririemacao.com\/1\/wp-json\/wp\/v2\/comments?post=157059"}],"version-history":[{"count":1,"href":"https:\/\/www.caririemacao.com\/1\/wp-json\/wp\/v2\/posts\/157059\/revisions"}],"predecessor-version":[{"id":157061,"href":"https:\/\/www.caririemacao.com\/1\/wp-json\/wp\/v2\/posts\/157059\/revisions\/157061"}],"wp:featuredmedia":[{"embeddable":true,"href":"https:\/\/www.caririemacao.com\/1\/wp-json\/wp\/v2\/media\/157056"}],"wp:attachment":[{"href":"https:\/\/www.caririemacao.com\/1\/wp-json\/wp\/v2\/media?parent=157059"}],"wp:term":[{"taxonomy":"category","embeddable":true,"href":"https:\/\/www.caririemacao.com\/1\/wp-json\/wp\/v2\/categories?post=157059"},{"taxonomy":"post_tag","embeddable":true,"href":"https:\/\/www.caririemacao.com\/1\/wp-json\/wp\/v2\/tags?post=157059"}],"curies":[{"name":"wp","href":"https:\/\/api.w.org\/{rel}","templated":true}]}}