{"id":157067,"date":"2020-03-09T09:10:25","date_gmt":"2020-03-09T12:10:25","guid":{"rendered":"http:\/\/www.caririemacao.com\/1\/?p=157067"},"modified":"2020-03-09T09:10:27","modified_gmt":"2020-03-09T12:10:27","slug":"homem-e-preso-suspeito-de-ameacar-e-agredir-mae-e-irma-em-cuitegi","status":"publish","type":"post","link":"https:\/\/www.caririemacao.com\/1\/2020\/03\/09\/homem-e-preso-suspeito-de-ameacar-e-agredir-mae-e-irma-em-cuitegi\/","title":{"rendered":"Homem \u00e9 preso suspeito de amea\u00e7ar e agredir m\u00e3e e irm\u00e3 em Cuitegi"},"content":{"rendered":"\n<p>Um homem foi preso suspeito de amea\u00e7ar e agredir a m\u00e3e e a irm\u00e3, no Centro de Cuitegi, na Para\u00edba. De acordo com as v\u00edtimas, o homem teria exigido uma quantia em dinheiro da m\u00e3e.&nbsp;<\/p>\n\n\n\n<p>A irm\u00e3 ao presenciar teria tentado intervir, quando o acusado come\u00e7ou agredi-la. A mulher ficou machucada.&nbsp;<\/p>\n\n\n\n<p>A Pol\u00edcia foi acionada e prendeu o acusado por viol\u00eancia dom\u00e9stica.&nbsp;<\/p>\n\n\n\n<p>Ele foi levado para Delegacia de Pol\u00edcia Civil.&nbsp;<\/p>\n","protected":false},"excerpt":{"rendered":"<p>Um homem foi preso suspeito de amea\u00e7ar e agredir a m\u00e3e e a irm\u00e3, no Centro de Cuitegi, na Para\u00edba. De acordo com as v\u00edtimas,&hellip; <\/p>\n","protected":false},"author":2,"featured_media":157068,"comment_status":"closed","ping_status":"closed","sticky":false,"template":"","format":"standard","meta":{"sfsi_plus_gutenberg_text_before_share":"","sfsi_plus_gutenberg_show_text_before_share":"","sfsi_plus_gutenberg_icon_type":"","sfsi_plus_gutenberg_icon_alignemt":"","sfsi_plus_gutenburg_max_per_row":"","footnotes":""},"categories":[12],"tags":[],"class_list":["post-157067","post","type-post","status-publish","format-standard","has-post-thumbnail","hentry","category-policia"],"_links":{"self":[{"href":"https:\/\/www.caririemacao.com\/1\/wp-json\/wp\/v2\/posts\/157067","targetHints":{"allow":["GET"]}}],"collection":[{"href":"https:\/\/www.caririemacao.com\/1\/wp-json\/wp\/v2\/posts"}],"about":[{"href":"https:\/\/www.caririemacao.com\/1\/wp-json\/wp\/v2\/types\/post"}],"author":[{"embeddable":true,"href":"https:\/\/www.caririemacao.com\/1\/wp-json\/wp\/v2\/users\/2"}],"replies":[{"embeddable":true,"href":"https:\/\/www.caririemacao.com\/1\/wp-json\/wp\/v2\/comments?post=157067"}],"version-history":[{"count":1,"href":"https:\/\/www.caririemacao.com\/1\/wp-json\/wp\/v2\/posts\/157067\/revisions"}],"predecessor-version":[{"id":157069,"href":"https:\/\/www.caririemacao.com\/1\/wp-json\/wp\/v2\/posts\/157067\/revisions\/157069"}],"wp:featuredmedia":[{"embeddable":true,"href":"https:\/\/www.caririemacao.com\/1\/wp-json\/wp\/v2\/media\/157068"}],"wp:attachment":[{"href":"https:\/\/www.caririemacao.com\/1\/wp-json\/wp\/v2\/media?parent=157067"}],"wp:term":[{"taxonomy":"category","embeddable":true,"href":"https:\/\/www.caririemacao.com\/1\/wp-json\/wp\/v2\/categories?post=157067"},{"taxonomy":"post_tag","embeddable":true,"href":"https:\/\/www.caririemacao.com\/1\/wp-json\/wp\/v2\/tags?post=157067"}],"curies":[{"name":"wp","href":"https:\/\/api.w.org\/{rel}","templated":true}]}}