{"id":157072,"date":"2020-03-09T09:19:01","date_gmt":"2020-03-09T12:19:01","guid":{"rendered":"http:\/\/www.caririemacao.com\/1\/?p=157072"},"modified":"2020-03-09T09:19:03","modified_gmt":"2020-03-09T12:19:03","slug":"paraiba-investiga-tres-casos-suspeitos-de-coronavirus-um-deles-em-uma-crianca-de-seis-anos","status":"publish","type":"post","link":"https:\/\/www.caririemacao.com\/1\/2020\/03\/09\/paraiba-investiga-tres-casos-suspeitos-de-coronavirus-um-deles-em-uma-crianca-de-seis-anos\/","title":{"rendered":"Para\u00edba investiga tr\u00eas casos suspeitos de Coronav\u00edrus; um deles em uma crian\u00e7a de seis anos"},"content":{"rendered":"\n<p>A Para\u00edba investiga tr\u00eas casos suspeitos de Covid-19, entre eles o de uma crian\u00e7a de seis anos, em Jo\u00e3o Pessoa, que esteve em viagem recente aos Estados Unidos e agora permanece em isolamento domiciliar. Os pais da crian\u00e7a tamb\u00e9m estavam na viagem, mas n\u00e3o apresentam sintomas.<\/p>\n\n\n\n<p>O material coletado da crian\u00e7a para exames foi enviado ao laborat\u00f3rio nesta segunda-feira (9), assim como o do homem de 37 anos, de Campina Grande, que tem hist\u00f3rico de viagem recente \u00e0 Europa, cujo&nbsp;<a href=\"https:\/\/www.clickpb.com.br\/saude\/paraiba-tem-mais-um-caso-suspeito-de-coronavirus-vitima-voltou-da-espanha-e-foi-upa-em-campina-grande-279424.html\">caso foi reportado na noite do domingo<\/a>&nbsp;(8). Os resultados dos exames de ambos deve sair em at\u00e9 72 horas, provavelmente na quinta-feira (12).<\/p>\n\n\n\n<p>O terceiro caso investigado \u00e9 de uma mulher de 26 anos, moradora de Jo\u00e3o Pessoa, com hist\u00f3rico de viagem recente pela Europa. Neste caso, o envio dos exames foi feito na \u00faltima sexta-feira (6), mas o resultado ainda n\u00e3o saiu.<\/p>\n\n\n\n<p>Cinco casos suspeitos do novo Coronav\u00edrus j\u00e1 foram descartados no estado.<\/p>\n","protected":false},"excerpt":{"rendered":"<p>A Para\u00edba investiga tr\u00eas casos suspeitos de Covid-19, entre eles o de uma crian\u00e7a de seis anos, em Jo\u00e3o Pessoa, que esteve em viagem recente&hellip; <\/p>\n","protected":false},"author":2,"featured_media":157073,"comment_status":"closed","ping_status":"closed","sticky":false,"template":"","format":"standard","meta":{"sfsi_plus_gutenberg_text_before_share":"","sfsi_plus_gutenberg_show_text_before_share":"","sfsi_plus_gutenberg_icon_type":"","sfsi_plus_gutenberg_icon_alignemt":"","sfsi_plus_gutenburg_max_per_row":"","footnotes":""},"categories":[2],"tags":[],"class_list":["post-157072","post","type-post","status-publish","format-standard","has-post-thumbnail","hentry","category-geral"],"_links":{"self":[{"href":"https:\/\/www.caririemacao.com\/1\/wp-json\/wp\/v2\/posts\/157072","targetHints":{"allow":["GET"]}}],"collection":[{"href":"https:\/\/www.caririemacao.com\/1\/wp-json\/wp\/v2\/posts"}],"about":[{"href":"https:\/\/www.caririemacao.com\/1\/wp-json\/wp\/v2\/types\/post"}],"author":[{"embeddable":true,"href":"https:\/\/www.caririemacao.com\/1\/wp-json\/wp\/v2\/users\/2"}],"replies":[{"embeddable":true,"href":"https:\/\/www.caririemacao.com\/1\/wp-json\/wp\/v2\/comments?post=157072"}],"version-history":[{"count":1,"href":"https:\/\/www.caririemacao.com\/1\/wp-json\/wp\/v2\/posts\/157072\/revisions"}],"predecessor-version":[{"id":157074,"href":"https:\/\/www.caririemacao.com\/1\/wp-json\/wp\/v2\/posts\/157072\/revisions\/157074"}],"wp:featuredmedia":[{"embeddable":true,"href":"https:\/\/www.caririemacao.com\/1\/wp-json\/wp\/v2\/media\/157073"}],"wp:attachment":[{"href":"https:\/\/www.caririemacao.com\/1\/wp-json\/wp\/v2\/media?parent=157072"}],"wp:term":[{"taxonomy":"category","embeddable":true,"href":"https:\/\/www.caririemacao.com\/1\/wp-json\/wp\/v2\/categories?post=157072"},{"taxonomy":"post_tag","embeddable":true,"href":"https:\/\/www.caririemacao.com\/1\/wp-json\/wp\/v2\/tags?post=157072"}],"curies":[{"name":"wp","href":"https:\/\/api.w.org\/{rel}","templated":true}]}}