{"id":157085,"date":"2020-03-09T11:48:13","date_gmt":"2020-03-09T14:48:13","guid":{"rendered":"http:\/\/www.caririemacao.com\/1\/?p=157085"},"modified":"2020-03-09T11:48:15","modified_gmt":"2020-03-09T14:48:15","slug":"ibge-em-sume-oferece-25-vagas-de-contratacao-temporaria-para-censo-demografico-2020","status":"publish","type":"post","link":"https:\/\/www.caririemacao.com\/1\/2020\/03\/09\/ibge-em-sume-oferece-25-vagas-de-contratacao-temporaria-para-censo-demografico-2020\/","title":{"rendered":"IBGE em Sum\u00e9 oferece 25 vagas de contrata\u00e7\u00e3o tempor\u00e1ria para Censo Demogr\u00e1fico 2020"},"content":{"rendered":"\n<p>O Instituto Brasileiro de Geografia e Estat\u00edstica (IBGE) est\u00e1 com edital aberto para contrata\u00e7\u00e3o tempor\u00e1ria para a realiza\u00e7\u00e3o do Censo Demogr\u00e1fico 2020.<\/p>\n\n\n\n<p>Est\u00e3o sendo ofertadas para Sum\u00e9: 1 (uma) vaga para Agente Censit\u00e1rio Municipal e 4 (quatro) vagas para Agente Censit\u00e1rio Supervisor, sendo 1 (uma) para pretos e pardos (PPP). Cargos que exigem n\u00edvel m\u00e9dio.<\/p>\n\n\n\n<p>Para recenseador (n\u00edvel fundamental) s\u00e3o 16 vagas de ampla concorr\u00eancia, 1 (uma) vaga para deficientes f\u00edsicos e 3 (tr\u00eas) vagas para pretos e pardos (PPP).<\/p>\n\n\n\n<p>As remunera\u00e7\u00f5es s\u00e3o: Agente Censit\u00e1rio Municipal, R$ 2.100,00, Agente Censit\u00e1rio Supervisor, R$ 1.700,00. O recenseador receber\u00e1 por produ\u00e7\u00e3o. A jornada de trabalho \u00e9 de 40 horas semanais, sendo 8 horas di\u00e1rias.<\/p>\n\n\n\n<p>A prova objetiva ser\u00e1 aplicada no dia 17 de maio, no munic\u00edpio de Sum\u00e9.<\/p>\n\n\n\n<p>As inscri\u00e7\u00f5es para o certame seguem at\u00e9 o dia 24 de mar\u00e7o,&nbsp;<a href=\"https:\/\/www.cebraspe.org.br\/concursos\/ibge_20_agente\">atrav\u00e9s do site da Cebraspe<\/a>&nbsp;(http:\/\/www.cebraspe.org.br\/concursos\/ibge_20_agente.). As taxas de inscri\u00e7\u00e3o custam R$ 35,80 para a prova de ACM e ACS, e R$ 23,61 para recenseador.<\/p>\n\n\n\n<p>A Ag\u00eancia do IBGE em Sum\u00e9 est\u00e1 prestes a ser instalada num espa\u00e7o do Sum\u00e9 Shopping. O prefeito \u00c9den Duarte est\u00e1 essa semana encaminhando projeto de Lei para a C\u00e2mara Municipal solicitando autoriza\u00e7\u00e3o do Legislativo para que o Instituto Brasileiro de Geografia e Estat\u00edstica se instale nas depend\u00eancias do Shopping, onde ter\u00e3o mais conforto e seguran\u00e7a.<\/p>\n\n\n\n<p>Ascom PMS<\/p>\n","protected":false},"excerpt":{"rendered":"<p>O Instituto Brasileiro de Geografia e Estat\u00edstica (IBGE) est\u00e1 com edital aberto para contrata\u00e7\u00e3o tempor\u00e1ria para a realiza\u00e7\u00e3o do Censo Demogr\u00e1fico 2020. Est\u00e3o sendo ofertadas&hellip; <\/p>\n","protected":false},"author":2,"featured_media":120671,"comment_status":"closed","ping_status":"closed","sticky":false,"template":"","format":"standard","meta":{"sfsi_plus_gutenberg_text_before_share":"","sfsi_plus_gutenberg_show_text_before_share":"","sfsi_plus_gutenberg_icon_type":"","sfsi_plus_gutenberg_icon_alignemt":"","sfsi_plus_gutenburg_max_per_row":"","footnotes":""},"categories":[50,2],"tags":[],"class_list":["post-157085","post","type-post","status-publish","format-standard","has-post-thumbnail","hentry","category-destaque","category-geral"],"_links":{"self":[{"href":"https:\/\/www.caririemacao.com\/1\/wp-json\/wp\/v2\/posts\/157085","targetHints":{"allow":["GET"]}}],"collection":[{"href":"https:\/\/www.caririemacao.com\/1\/wp-json\/wp\/v2\/posts"}],"about":[{"href":"https:\/\/www.caririemacao.com\/1\/wp-json\/wp\/v2\/types\/post"}],"author":[{"embeddable":true,"href":"https:\/\/www.caririemacao.com\/1\/wp-json\/wp\/v2\/users\/2"}],"replies":[{"embeddable":true,"href":"https:\/\/www.caririemacao.com\/1\/wp-json\/wp\/v2\/comments?post=157085"}],"version-history":[{"count":1,"href":"https:\/\/www.caririemacao.com\/1\/wp-json\/wp\/v2\/posts\/157085\/revisions"}],"predecessor-version":[{"id":157086,"href":"https:\/\/www.caririemacao.com\/1\/wp-json\/wp\/v2\/posts\/157085\/revisions\/157086"}],"wp:featuredmedia":[{"embeddable":true,"href":"https:\/\/www.caririemacao.com\/1\/wp-json\/wp\/v2\/media\/120671"}],"wp:attachment":[{"href":"https:\/\/www.caririemacao.com\/1\/wp-json\/wp\/v2\/media?parent=157085"}],"wp:term":[{"taxonomy":"category","embeddable":true,"href":"https:\/\/www.caririemacao.com\/1\/wp-json\/wp\/v2\/categories?post=157085"},{"taxonomy":"post_tag","embeddable":true,"href":"https:\/\/www.caririemacao.com\/1\/wp-json\/wp\/v2\/tags?post=157085"}],"curies":[{"name":"wp","href":"https:\/\/api.w.org\/{rel}","templated":true}]}}