{"id":157092,"date":"2020-03-09T14:30:55","date_gmt":"2020-03-09T17:30:55","guid":{"rendered":"http:\/\/www.caririemacao.com\/1\/?p=157092"},"modified":"2020-03-09T14:30:56","modified_gmt":"2020-03-09T17:30:56","slug":"populacao-monteirense-e-beneficiada-com-programa-saude-em-foco-na-feira-promovido-pelos-deputados-joao-henrique-e-edna-henrique","status":"publish","type":"post","link":"https:\/\/www.caririemacao.com\/1\/2020\/03\/09\/populacao-monteirense-e-beneficiada-com-programa-saude-em-foco-na-feira-promovido-pelos-deputados-joao-henrique-e-edna-henrique\/","title":{"rendered":"Popula\u00e7\u00e3o monteirense \u00e9 beneficiada com programa \u201cSa\u00fade em Foco na Feira\u201d promovido pelos deputados Jo\u00e3o Henrique e Edna Henrique"},"content":{"rendered":"\n<p>A popula\u00e7\u00e3o da cidade de Monteiro foi beneficiada neste s\u00e1bado (07) com a primeira edi\u00e7\u00e3o do programa \u201cSa\u00fade em Foco na Feira\u201d, evento organizado pelo gabinete representativo dos deputados Jo\u00e3o e Edna Henrique, com o objetivo de atender os moradores atrav\u00e9s do programa Sa\u00fade em foco que j\u00e1 \u00e9 oferecido constantemente pelos parlamentares.<\/p>\n\n\n\n<p><br>Durante o evento que movimentou a cidade e foi considerado um sucesso pelos seus organizadores, a popula\u00e7\u00e3o teve acesso a atendimento m\u00e9dico em v\u00e1rias especialidades, entre elas, dermatologia, oftalmologia, e clinica geral, al\u00e9m de realizar exames, como mamografias, vis\u00e3o, teste de RH, glicemia e muito mais, al\u00e9m atendimentos na \u00e1rea jur\u00eddica, atrav\u00e9s da advogada Silvana Alves.<\/p>\n\n\n\n<p><br>Edna Henrique e Jo\u00e3o Henrique estiveram presentes e recepcionaram as pessoas que buscavam os servi\u00e7os ofertados no local.<br> O morador Jos\u00e9 Moacir agradeceu aos deputados pela realiza\u00e7\u00e3o do evento, tendo em vista que h\u00e1 cerca de um ano ele buscava atendimento oftalmol\u00f3gico que foi negado pela gest\u00e3o municipal. \u201cEstou h\u00e1 um ano esperando o oculista e est\u00e3o me enrolando, a pr\u00f3pria secret\u00e1ria de Sa\u00fade me virou as costas. Agora vou pra casa tranquilo por ter conseguido esse atendimento\u201d, disse.<\/p>\n\n\n\n<p>Um stand realizou atendimento est\u00e9tico para as mulheres que participarem do evento, entre os servi\u00e7os, as monteirenses tiveram acesso aos tratamentos de beleza gratuitos, como m\u00e1scaras faciais, carboxterapia, m\u00e1scara e capacete de led, cadeira de massagem, dentre outros servi\u00e7os.<\/p>\n\n\n\n<p><br> Na abertura do evento, um farto caf\u00e9 da manh\u00e3 foi servido aos presentes e ainda teve distribui\u00e7\u00e3o de brindes, mudas de plantas ornamentais, ra\u00e7\u00e3o para pets e aula de Zumba com o professor e bailarino profissional Dayslan Andrade, al\u00e9m m\u00fasica ao vivo com Bhira Mariano e Kiel do Acordeon.<br> A deputada Edna Henrique celebrou o sucesso do evento e agradeceu aos monteirenses pela aten\u00e7\u00e3o, carinho e participa\u00e7\u00e3o. \u201cS\u00f3 temos que agradecer a todos que estiveram presentes e engrandeceram esse evento. Em nome de todos que trabalharam prestando servi\u00e7o de qualidade ao nosso povo, em nome do deputado Jo\u00e3o Henrique, expresso apenas gratid\u00e3o por podermos realizar esse programa de sa\u00fade para quem mais precisa. Quero tamb\u00e9m informar que continuaremos realizando grandes eventos em beneficio da popula\u00e7\u00e3o monteirense\u201d, afirmou Edna.<\/p>\n\n\n\n<p><br> Para o Deputado Jo\u00e3o Henrique o Sa\u00fade em Foco na Feira \u00e9 uma oportunidade de garantir \u00e0 popula\u00e7\u00e3o o respeito que merece com rela\u00e7\u00e3o ao atendimento em sa\u00fade, reencontrar os amigos e aproveitar todos os servi\u00e7os oferecidos.<br> A m\u00e9dica dermatologista Micheila Henrique, que al\u00e9m de filha dos deputados \u00e9 volunt\u00e1ria no projeto, disse que sente muito orgulho em ter a oportunidade de participar desse evento e ajudar a cuidar das pessoas de Monteiro. \u201cPoder ajudar o pr\u00f3ximo \u00e9 uma grande miss\u00e3o. Hoje pude dar minha contribui\u00e7\u00e3o na \u00e1rea de dermatologia clinica, na parte de medicina est\u00e9tica e encaminhamentos de cirurgias. Estou muito feliz com a participa\u00e7\u00e3o da popula\u00e7\u00e3o, nos surpreendemos com a quantidade de pessoas que buscaram os servi\u00e7os ofertados nesta primeira edi\u00e7\u00e3o do Sa\u00fade em Foco na Feira\u201d, pontuou Micheila.<\/p>\n\n\n\n<p><br> O evento contou com v\u00e1rios parceiros como o Clube de m\u00e3es de Monteiro, CEC Educacional, Clinica STETIC CENTER, Clinica Dermatol\u00f3gica Dra, Micheila Henrique, ONG Centro Vida Nordeste , \u00d3tica Vis\u00e3o e RADIOCLIN.<\/p>\n\n\n\n<p><\/p>\n\n\n\n<p><\/p>\n","protected":false},"excerpt":{"rendered":"<p>A popula\u00e7\u00e3o da cidade de Monteiro foi beneficiada neste s\u00e1bado (07) com a primeira edi\u00e7\u00e3o do programa \u201cSa\u00fade em Foco na Feira\u201d, evento organizado pelo&hellip; <\/p>\n","protected":false},"author":1,"featured_media":157100,"comment_status":"closed","ping_status":"closed","sticky":false,"template":"","format":"standard","meta":{"sfsi_plus_gutenberg_text_before_share":"","sfsi_plus_gutenberg_show_text_before_share":"","sfsi_plus_gutenberg_icon_type":"","sfsi_plus_gutenberg_icon_alignemt":"","sfsi_plus_gutenburg_max_per_row":"","footnotes":""},"categories":[6,50],"tags":[],"class_list":["post-157092","post","type-post","status-publish","format-standard","has-post-thumbnail","hentry","category-cidades","category-destaque"],"_links":{"self":[{"href":"https:\/\/www.caririemacao.com\/1\/wp-json\/wp\/v2\/posts\/157092","targetHints":{"allow":["GET"]}}],"collection":[{"href":"https:\/\/www.caririemacao.com\/1\/wp-json\/wp\/v2\/posts"}],"about":[{"href":"https:\/\/www.caririemacao.com\/1\/wp-json\/wp\/v2\/types\/post"}],"author":[{"embeddable":true,"href":"https:\/\/www.caririemacao.com\/1\/wp-json\/wp\/v2\/users\/1"}],"replies":[{"embeddable":true,"href":"https:\/\/www.caririemacao.com\/1\/wp-json\/wp\/v2\/comments?post=157092"}],"version-history":[{"count":1,"href":"https:\/\/www.caririemacao.com\/1\/wp-json\/wp\/v2\/posts\/157092\/revisions"}],"predecessor-version":[{"id":157101,"href":"https:\/\/www.caririemacao.com\/1\/wp-json\/wp\/v2\/posts\/157092\/revisions\/157101"}],"wp:featuredmedia":[{"embeddable":true,"href":"https:\/\/www.caririemacao.com\/1\/wp-json\/wp\/v2\/media\/157100"}],"wp:attachment":[{"href":"https:\/\/www.caririemacao.com\/1\/wp-json\/wp\/v2\/media?parent=157092"}],"wp:term":[{"taxonomy":"category","embeddable":true,"href":"https:\/\/www.caririemacao.com\/1\/wp-json\/wp\/v2\/categories?post=157092"},{"taxonomy":"post_tag","embeddable":true,"href":"https:\/\/www.caririemacao.com\/1\/wp-json\/wp\/v2\/tags?post=157092"}],"curies":[{"name":"wp","href":"https:\/\/api.w.org\/{rel}","templated":true}]}}