{"id":157104,"date":"2020-03-09T14:53:26","date_gmt":"2020-03-09T17:53:26","guid":{"rendered":"http:\/\/www.caririemacao.com\/1\/?p=157104"},"modified":"2020-03-09T14:53:29","modified_gmt":"2020-03-09T17:53:29","slug":"presidente-do-supremo-sobre-o-protesto-no-dia-15-nao-sei-de-nada","status":"publish","type":"post","link":"https:\/\/www.caririemacao.com\/1\/2020\/03\/09\/presidente-do-supremo-sobre-o-protesto-no-dia-15-nao-sei-de-nada\/","title":{"rendered":"Presidente do Supremo sobre o protesto no dia 15: \u201cN\u00e3o sei de nada\u201d"},"content":{"rendered":"\n<p>&nbsp;O presidente do STF (Supremo Tribunal Federal), Jos\u00e9 Dias Toffoli, se recusou a comentar, nesta segunda-feira (9), a iniciativa do presidente Jair Bolsonaro de conclamar a popula\u00e7\u00e3o a participar de manifesta\u00e7\u00f5es agendadas para o domingo (15) em apoio a seu governo.<\/p>\n\n\n\n<p>As manifesta\u00e7\u00f5es s\u00e3o organizadas por ativistas conservadores e t\u00eam bandeiras como a defesa do governo e das For\u00e7as Armadas, al\u00e9m de fortes cr\u00edticas ao Congresso.<\/p>\n\n\n\n<p>Nas redes, h\u00e1 algumas convoca\u00e7\u00f5es de car\u00e1ter autorit\u00e1rio, pedindo o fim do Legislativo e do Supremo Tribunal Federal.<\/p>\n\n\n\n<p>\u201cN\u00e3o sei de nada\u201d, afirmou Toffoli, ap\u00f3s discursar na abertura do XXI Congresso Internacional de Arbitragem Mar\u00edtima, no Rio de Janeiro.<\/p>\n\n\n\n<p>Em seu breve discurso, Toffoli afirmou, no entanto, que a fun\u00e7\u00e3o da Justi\u00e7a \u00e9 de pacifica\u00e7\u00e3o de conflitos, tarefa que requer suporte da sociedade.<\/p>\n\n\n\n<p>\u201cA fun\u00e7\u00e3o \u00faltima do poder judici\u00e1rio \u00e9 promover a pacifica\u00e7\u00e3o social. \u00c9 necess\u00e1rio que a sociedade tamb\u00e9m atue de forma cooperativa\u201d, disse Toffoli.<\/p>\n\n\n\n<p>O presidente do STF disse ainda que \u201co Brasil tem orgulho de sua magistratura e de seu Judici\u00e1rio\u201d.<\/p>\n\n\n\n<p>Presente ao Congresso, o ministro Luiz Fux tamb\u00e9m se recusou a comentar. \u00c0 chegada, disse que s\u00f3 se manifestaria sobre os temas em debate no encontro.<\/p>\n\n\n\n<p>\u201cNada de l\u00e1 de fora\u201d. \u00c0 sa\u00edda, voltou a se esquivar: \u201cn\u00e3o gosto de falar r\u00e1pido para n\u00e3o falar errado\u201d, alegou.<\/p>\n\n\n\n<p>Ex-presidente do STF, Ellen Gracie informou que, com o avan\u00e7o do coronav\u00edrus, participantes do encontro cancelaram viagens ao Brasil e assistem ao Congresso via internet.<\/p>\n\n\n\n<p>Neste s\u00e1bado (7), Bolsonaro pediu que a popula\u00e7\u00e3o participe das manifesta\u00e7\u00f5es programadas para o pr\u00f3ximo dia 15 e afirmou que pol\u00edtico que tem medo de rua n\u00e3o serve para ser pol\u00edtico.<\/p>\n\n\n\n<p>A declara\u00e7\u00e3o foi dada em Boa Vista para cerca de 400 pessoas, entre autoridades pol\u00edticas roraimenses e simpatizantes.<\/p>\n\n\n\n<p>A organiza\u00e7\u00e3o do protesto tomou forma ap\u00f3s o ministro do GSI (Gabinete de Seguran\u00e7a Institucional), Augusto Heleno, dizer, em fala captada por transmiss\u00e3o na internet, que o governo era alvo de chantagem em disputa por controle do Or\u00e7amento da Uni\u00e3o.<\/p>\n\n\n\n<p>\u201cN\u00e3o podemos aceitar esses caras chantageando a gente. Foda-se\u201d, afirmou o ministro.<br>Em Roraima, Bolsonaro afirmou ainda que o movimento quer mostrar que quem d\u00e1 o norte para o Brasil \u00e9 a popula\u00e7\u00e3o.<\/p>\n\n\n\n<p>\u201c\u00c9 um movimento espont\u00e2neo, e o pol\u00edtico que tem medo de movimento de rua n\u00e3o serve para ser pol\u00edtico\u201d, afirmou.<\/p>\n\n\n\n<p>\u201cEnt\u00e3o participem, n\u00e3o \u00e9 um movimento contra o Congresso, contra o Judici\u00e1rio. \u00c9 um movimento pr\u00f3-Brasil.\u201d<\/p>\n\n\n\n<p>Diante disso, parlamentares da oposi\u00e7\u00e3o decidiram refor\u00e7ar a a\u00e7\u00e3o contra o acordo feito entre governo e Congresso na semana passada em torno da execu\u00e7\u00e3o do Or\u00e7amento.<\/p>\n\n\n\n<p>Na \u00faltima semana, ap\u00f3s um entendimento entre Pal\u00e1cio do Planalto e parlamentares, o Congresso manteve vetos de Bolsonaro ao chamado Or\u00e7amento impositivo, que ampliaria em R$ 30 bilh\u00f5es a fatia de recursos sob poder de decis\u00e3o de deputados e senadores.<\/p>\n\n\n\n<p>Como segunda parte da tratativa, o governo enviou projetos ao Congresso para que ao menos metade desse valor fique sob o poder do Legislativo, permitindo que o Executivo retome o restante.<\/p>\n\n\n\n<p>No m\u00eas passado, Bolsonaro j\u00e1 havia encaminhado a amigos um v\u00eddeo de convoca\u00e7\u00e3o aos protestos.<\/p>\n\n\n\n<p>O endosso gerou cr\u00edticas de figuras como o ex-presidente Fernando Henrique Cardoso (PSDB), do l\u00edder da oposi\u00e7\u00e3o na C\u00e2mara, deputado Alessandro Molon (PSB-RJ) e do presidente nacional da OAB (Ordem dos Advogados do Brasil), Felipe Santa Cruz.<\/p>\n","protected":false},"excerpt":{"rendered":"<p>&nbsp;O presidente do STF (Supremo Tribunal Federal), Jos\u00e9 Dias Toffoli, se recusou a comentar, nesta segunda-feira (9), a iniciativa do presidente Jair Bolsonaro de conclamar&hellip; <\/p>\n","protected":false},"author":2,"featured_media":157105,"comment_status":"closed","ping_status":"closed","sticky":false,"template":"","format":"standard","meta":{"sfsi_plus_gutenberg_text_before_share":"","sfsi_plus_gutenberg_show_text_before_share":"","sfsi_plus_gutenberg_icon_type":"","sfsi_plus_gutenberg_icon_alignemt":"","sfsi_plus_gutenburg_max_per_row":"","footnotes":""},"categories":[2],"tags":[],"class_list":["post-157104","post","type-post","status-publish","format-standard","has-post-thumbnail","hentry","category-geral"],"_links":{"self":[{"href":"https:\/\/www.caririemacao.com\/1\/wp-json\/wp\/v2\/posts\/157104","targetHints":{"allow":["GET"]}}],"collection":[{"href":"https:\/\/www.caririemacao.com\/1\/wp-json\/wp\/v2\/posts"}],"about":[{"href":"https:\/\/www.caririemacao.com\/1\/wp-json\/wp\/v2\/types\/post"}],"author":[{"embeddable":true,"href":"https:\/\/www.caririemacao.com\/1\/wp-json\/wp\/v2\/users\/2"}],"replies":[{"embeddable":true,"href":"https:\/\/www.caririemacao.com\/1\/wp-json\/wp\/v2\/comments?post=157104"}],"version-history":[{"count":1,"href":"https:\/\/www.caririemacao.com\/1\/wp-json\/wp\/v2\/posts\/157104\/revisions"}],"predecessor-version":[{"id":157106,"href":"https:\/\/www.caririemacao.com\/1\/wp-json\/wp\/v2\/posts\/157104\/revisions\/157106"}],"wp:featuredmedia":[{"embeddable":true,"href":"https:\/\/www.caririemacao.com\/1\/wp-json\/wp\/v2\/media\/157105"}],"wp:attachment":[{"href":"https:\/\/www.caririemacao.com\/1\/wp-json\/wp\/v2\/media?parent=157104"}],"wp:term":[{"taxonomy":"category","embeddable":true,"href":"https:\/\/www.caririemacao.com\/1\/wp-json\/wp\/v2\/categories?post=157104"},{"taxonomy":"post_tag","embeddable":true,"href":"https:\/\/www.caririemacao.com\/1\/wp-json\/wp\/v2\/tags?post=157104"}],"curies":[{"name":"wp","href":"https:\/\/api.w.org\/{rel}","templated":true}]}}