{"id":157108,"date":"2020-03-09T14:59:52","date_gmt":"2020-03-09T17:59:52","guid":{"rendered":"http:\/\/www.caririemacao.com\/1\/?p=157108"},"modified":"2020-03-09T14:59:54","modified_gmt":"2020-03-09T17:59:54","slug":"bolsonaro-somos-leais-as-politicas-economicas-de-paulo-guedes","status":"publish","type":"post","link":"https:\/\/www.caririemacao.com\/1\/2020\/03\/09\/bolsonaro-somos-leais-as-politicas-economicas-de-paulo-guedes\/","title":{"rendered":"Bolsonaro: \u201cSomos leais \u00e0s pol\u00edticas econ\u00f4micas de Paulo Guedes\u201d"},"content":{"rendered":"\n<p>Sob clima de p\u00e2nico no mercado financeiro em todo o mundo, o presidente Jair Bolsonaro (sem partido) fez um discurso a empres\u00e1rios brasileiros nesta segunda-feira (9) em Miami no qual afirmou que seu governo \u00e9 leal \u00e0 pol\u00edtica econ\u00f4mica de Paulo Guedes (Economia). Segundo o presidente, o Planalto tem buscando implementar as medidas propostas pelo ministro \u201cde todas as formas.\u201d<\/p>\n\n\n\n<p>Impactadas pelo avan\u00e7o do coronav\u00edrus e pela guerra do pre\u00e7o do petr\u00f3leo, as Bolsas do Brasil e dos EUA haviam anunciado circuit breaker -quando as negocia\u00e7\u00f5es s\u00e3o interrompidas compulsoriamente- minutos antes de Bolsonaro entrar no sal\u00e3o com 350 convidados e dizer que, na economia, a confian\u00e7a est\u00e1 \u201cacima de tudo.\u201d<\/p>\n\n\n\n<p>\u201cHonrar compromissos, buscar retaguardas jur\u00eddicas e garantias. Temos, na pessoa do nosso ministro da Economia um homem conhecido dentro e fora do Brasil, o senhor Paulo Guedes, e \u00e0s suas pol\u00edticas econ\u00f4micas somos leais e buscamos implement\u00e1-las de todas as formas. Estamos mostrando que estamos no caminho certo. Aqui nos EUA estamos mostrando isso.\u201d<\/p>\n\n\n\n<p>Investidores nos EUA est\u00e3o preocupados j\u00e1 h\u00e1 algumas semanas com o fato de Guedes n\u00e3o ter plano B diante dos efeitos do coronav\u00edrus na economia. O epicentro do v\u00edrus \u00e9 na China, um dos principais parceiros comerciais do Brasil e em guerra comercial com os americanos.<\/p>\n\n\n\n<p>Nesta segunda, diante do derretimento do mercado global, Guedes afirmou que a equipe econ\u00f4mica brasileira estava \u201cabsolutamente tranquila\u201d e que iria transformar a crise em \u201cgera\u00e7\u00e3o de empregos.\u201d<\/p>\n\n\n\n<p>Durante seu discurso de oito minutos, Bolsonaro afirmou que conversou com o presidente da C\u00e2mara, Rodrigo Maia (DEM-RJ),pelo telefone no domingo (8) e ouviu que, apesar dos atritos com o governo, a C\u00e2mara \u201cfar\u00e1 sua parte\u201d na aprova\u00e7\u00e3o das reformas administrativa e tribut\u00e1ria.<\/p>\n\n\n\n<p>O Planalto est\u00e1 em constante rota de colis\u00e3o com o Congresso e Maia havia postado em suas redes sociais sobre a gravidade do cen\u00e1rio econ\u00f4mico global. O parlamentar falou em \u201cmedidas emergenciais\u201d e disse que o Executivo precisava comandar o combate \u00e0 crise.<\/p>\n\n\n\n<p>\u201cVencemos o primeiro ano com muito sacrif\u00edcio, tivemos o apoio do Parlamento na reforma previdenci\u00e1ria, a m\u00e3e das reformas, e outras duas se apresentam pela frente. Conversei ontem rapidamente com o presidente da C\u00e2mara, Rodrigo Maia, e ele falou que, apesar de alguns atritos que \u00e9 muito normal [sic] na pol\u00edtica, a C\u00e2mara far\u00e1 sua parte, buscando a melhor reforma, a administrativa e tribut\u00e1ria\u201d, afirmou Bolsonaro.<\/p>\n\n\n\n<p>\u00c0 plateia de empres\u00e1rios simp\u00e1ticos a seu governo, o presidente n\u00e3o citou impactos do pessimismo generalizado na economia do Brasil, mas disse que seus ministros estavam \u201chabilitados para enfrentar desafios.\u201d<\/p>\n\n\n\n<p>Apesar da interven\u00e7\u00e3o do Banco Central brasileiro, o d\u00f3lar disparou, assim como os juros futuros e o risco-pa\u00eds. A Bolsa caiu 10% e atingiu o circuit break pela primeira vez desde maio de 2017, no Joesley Day.<\/p>\n\n\n\n<p>\u201cQualquer um de nossos ministros est\u00e3o [sic] habilitados para enfrentar quaisquer desafios. [\u2026] Trago para voc\u00eas um Brasil em que voc\u00eas podem confiar no seu presidente e nos seus ministros\u201d, completou o presidente.<\/p>\n\n\n\n<p>No evento com empres\u00e1rios, os convidados \u00e0 mesa com Bolsonaro eram na maioria pol\u00edticos, como o deputado e filho do presidente, Eduardo Bolsonaro (sem partido-SP), o deputado Daniel Freitas (PSL), o senador Nelsinho Trad (PSD) e o ministro Ernesto Ara\u00fajo (Rela\u00e7\u00f5es Exteriores).<\/p>\n\n\n\n<p>Um dos objetivos do evento era tentar reanimar o setor empresarial, no momento em que a economia brasileira n\u00e3o empolga os donos do dinheiro -dentro e fora do pa\u00eds- e o mundo caminha para uma desacelera\u00e7\u00e3o.<\/p>\n\n\n\n<p>Mas o clima de caos atingiu um n\u00edvel muito maior que o esperado na manh\u00e3 desta segunda, apesar de, desde a noite de domingo (8), o mercado j\u00e1 estar se preparando para um dia seguinte ruim nos neg\u00f3cios com a abertura das bolsas na \u00c1sia.<\/p>\n\n\n\n<p>Os investidores americanos observam com cautela o mercado brasileiro desde 2019 e ficaram desanimados com a marcha lenta do PIB no in\u00edcio deste ano.<\/p>\n\n\n\n<p>Nesta segunda, o quadro piorou, com investidores em todo o mundo em busca de ativos mais seguros \u2013que n\u00e3o est\u00e3o em pa\u00edses emergentes como o Brasil neste momento.<\/p>\n\n\n\n<p>Ap\u00f3s a aprova\u00e7\u00e3o da reforma da Previd\u00eancia, em outubro, a sensa\u00e7\u00e3o \u00e9 que n\u00e3o h\u00e1 outra mudan\u00e7a a curto prazo capaz de impactar os neg\u00f3cios e o crescimento do Brasil.<\/p>\n\n\n\n<p>No come\u00e7o do ano, a ind\u00fastria no Brasil desacelerou, assim como as atividades de com\u00e9rcio e servi\u00e7os, e parte do mercado passou a encarar o crescimento de 2% previsto para 2020 mais como um objetivo do que como piso.<\/p>\n\n\n\n<p>O comportamento dos investidores brasileiros, que sofrem o impacto direto da sequ\u00eancia de m\u00e1s not\u00edcias, acaba afetando a confian\u00e7a dos estrangeiros, que, muitas vezes, n\u00e3o t\u00eam conhecimento sobre os n\u00fameros setorizados.<\/p>\n\n\n\n<p>Antes do encontro com empres\u00e1rios, em Miami, Bolsonaro se encontrou rapidamente com o senador americano Marco Rubio. Eleito pela Fl\u00f3rida, o republicano tem um discurso contr\u00e1rio aos regimes da Venezuela e Cuba que agrada aos latinos conservadores do estado.<\/p>\n","protected":false},"excerpt":{"rendered":"<p>Sob clima de p\u00e2nico no mercado financeiro em todo o mundo, o presidente Jair Bolsonaro (sem partido) fez um discurso a empres\u00e1rios brasileiros nesta segunda-feira&hellip; <\/p>\n","protected":false},"author":2,"featured_media":157109,"comment_status":"closed","ping_status":"closed","sticky":false,"template":"","format":"standard","meta":{"sfsi_plus_gutenberg_text_before_share":"","sfsi_plus_gutenberg_show_text_before_share":"","sfsi_plus_gutenberg_icon_type":"","sfsi_plus_gutenberg_icon_alignemt":"","sfsi_plus_gutenburg_max_per_row":"","footnotes":""},"categories":[11],"tags":[],"class_list":["post-157108","post","type-post","status-publish","format-standard","has-post-thumbnail","hentry","category-politica"],"_links":{"self":[{"href":"https:\/\/www.caririemacao.com\/1\/wp-json\/wp\/v2\/posts\/157108","targetHints":{"allow":["GET"]}}],"collection":[{"href":"https:\/\/www.caririemacao.com\/1\/wp-json\/wp\/v2\/posts"}],"about":[{"href":"https:\/\/www.caririemacao.com\/1\/wp-json\/wp\/v2\/types\/post"}],"author":[{"embeddable":true,"href":"https:\/\/www.caririemacao.com\/1\/wp-json\/wp\/v2\/users\/2"}],"replies":[{"embeddable":true,"href":"https:\/\/www.caririemacao.com\/1\/wp-json\/wp\/v2\/comments?post=157108"}],"version-history":[{"count":1,"href":"https:\/\/www.caririemacao.com\/1\/wp-json\/wp\/v2\/posts\/157108\/revisions"}],"predecessor-version":[{"id":157110,"href":"https:\/\/www.caririemacao.com\/1\/wp-json\/wp\/v2\/posts\/157108\/revisions\/157110"}],"wp:featuredmedia":[{"embeddable":true,"href":"https:\/\/www.caririemacao.com\/1\/wp-json\/wp\/v2\/media\/157109"}],"wp:attachment":[{"href":"https:\/\/www.caririemacao.com\/1\/wp-json\/wp\/v2\/media?parent=157108"}],"wp:term":[{"taxonomy":"category","embeddable":true,"href":"https:\/\/www.caririemacao.com\/1\/wp-json\/wp\/v2\/categories?post=157108"},{"taxonomy":"post_tag","embeddable":true,"href":"https:\/\/www.caririemacao.com\/1\/wp-json\/wp\/v2\/tags?post=157108"}],"curies":[{"name":"wp","href":"https:\/\/api.w.org\/{rel}","templated":true}]}}