{"id":157120,"date":"2020-03-09T15:09:28","date_gmt":"2020-03-09T18:09:28","guid":{"rendered":"http:\/\/www.caririemacao.com\/1\/?p=157120"},"modified":"2020-03-09T15:09:30","modified_gmt":"2020-03-09T18:09:30","slug":"renda-renascenca-de-sao-sebastiao-do-umbuzeiro-sera-destaque-no-maior-evento-de-moda-brasil","status":"publish","type":"post","link":"https:\/\/www.caririemacao.com\/1\/2020\/03\/09\/renda-renascenca-de-sao-sebastiao-do-umbuzeiro-sera-destaque-no-maior-evento-de-moda-brasil\/","title":{"rendered":"Renda Renascen\u00e7a de S\u00e3o Sebasti\u00e3o do Umbuzeiro ser\u00e1 destaque no maior evento de moda Brasil"},"content":{"rendered":"\n<figure class=\"wp-block-image\"><a href=\"https:\/\/1.bp.blogspot.com\/-eZp2YNcOwKc\/XmZZDbSrY9I\/AAAAAAAAHsc\/Aa_CKX-wUZ847dazsOgthKU6E9lJxMN3ACLcBGAsYHQ\/s1600\/11.jpg\"><img decoding=\"async\" data-src=\"https:\/\/1.bp.blogspot.com\/-eZp2YNcOwKc\/XmZZDbSrY9I\/AAAAAAAAHsc\/Aa_CKX-wUZ847dazsOgthKU6E9lJxMN3ACLcBGAsYHQ\/s280\/11.jpg\" alt=\"\" src=\"data:image\/svg+xml;base64,PHN2ZyB3aWR0aD0iMSIgaGVpZ2h0PSIxIiB4bWxucz0iaHR0cDovL3d3dy53My5vcmcvMjAwMC9zdmciPjwvc3ZnPg==\" class=\"lazyload\" \/><\/a><\/figure>\n\n\n\n<p>A renda renascen\u00e7a produzida pelas rendeiras de S\u00e3o Sebasti\u00e3o do Umbuzeiro volta a ser destaque, e ser\u00e1 exibida \u00e0 n\u00edvel nacional, gra\u00e7as \u00e0s parcerias buscadas pela gest\u00e3o municipal junto ao governo do estado.<br>Neste final de semana, o renomado estilista Ronaldo fraga esteve mais uma vez no munic\u00edpio, ministrando mais uma oficina de produ\u00e7\u00e3o, e confirmando que os trabalhos das artistas saosebastianenses ser\u00e3o expostos no maior evento de moda do pa\u00eds, o S\u00e3o Paulo fashion Week.<br>\u201cAs mulheres caririzeiras ter\u00e3o uma grande oportunidade de estampar as suas rendas nos maiores desfiles de moda do mundo, o \u201c Fashion week&#8221; em S\u00e3o Paulo &#8211; SP. Parab\u00e9ns a todas as meninas que ir\u00e3o nos representar no Cariri, em especial as meninas de S\u00e3o Sebasti\u00e3o do Umbuzeiro\u201d, destacou o secret\u00e1rio de agricultura Di\u00eago Elesb\u00e3o, sobre o momento.<\/p>\n","protected":false},"excerpt":{"rendered":"<p>A renda renascen\u00e7a produzida pelas rendeiras de S\u00e3o Sebasti\u00e3o do Umbuzeiro volta a ser destaque, e ser\u00e1 exibida \u00e0 n\u00edvel nacional, gra\u00e7as \u00e0s parcerias buscadas&hellip; <\/p>\n","protected":false},"author":2,"featured_media":157119,"comment_status":"closed","ping_status":"closed","sticky":false,"template":"","format":"standard","meta":{"sfsi_plus_gutenberg_text_before_share":"","sfsi_plus_gutenberg_show_text_before_share":"","sfsi_plus_gutenberg_icon_type":"","sfsi_plus_gutenberg_icon_alignemt":"","sfsi_plus_gutenburg_max_per_row":"","footnotes":""},"categories":[2],"tags":[],"class_list":["post-157120","post","type-post","status-publish","format-standard","has-post-thumbnail","hentry","category-geral"],"_links":{"self":[{"href":"https:\/\/www.caririemacao.com\/1\/wp-json\/wp\/v2\/posts\/157120","targetHints":{"allow":["GET"]}}],"collection":[{"href":"https:\/\/www.caririemacao.com\/1\/wp-json\/wp\/v2\/posts"}],"about":[{"href":"https:\/\/www.caririemacao.com\/1\/wp-json\/wp\/v2\/types\/post"}],"author":[{"embeddable":true,"href":"https:\/\/www.caririemacao.com\/1\/wp-json\/wp\/v2\/users\/2"}],"replies":[{"embeddable":true,"href":"https:\/\/www.caririemacao.com\/1\/wp-json\/wp\/v2\/comments?post=157120"}],"version-history":[{"count":1,"href":"https:\/\/www.caririemacao.com\/1\/wp-json\/wp\/v2\/posts\/157120\/revisions"}],"predecessor-version":[{"id":157121,"href":"https:\/\/www.caririemacao.com\/1\/wp-json\/wp\/v2\/posts\/157120\/revisions\/157121"}],"wp:featuredmedia":[{"embeddable":true,"href":"https:\/\/www.caririemacao.com\/1\/wp-json\/wp\/v2\/media\/157119"}],"wp:attachment":[{"href":"https:\/\/www.caririemacao.com\/1\/wp-json\/wp\/v2\/media?parent=157120"}],"wp:term":[{"taxonomy":"category","embeddable":true,"href":"https:\/\/www.caririemacao.com\/1\/wp-json\/wp\/v2\/categories?post=157120"},{"taxonomy":"post_tag","embeddable":true,"href":"https:\/\/www.caririemacao.com\/1\/wp-json\/wp\/v2\/tags?post=157120"}],"curies":[{"name":"wp","href":"https:\/\/api.w.org\/{rel}","templated":true}]}}