{"id":157122,"date":"2020-03-09T15:11:20","date_gmt":"2020-03-09T18:11:20","guid":{"rendered":"http:\/\/www.caririemacao.com\/1\/?p=157122"},"modified":"2020-03-09T15:11:22","modified_gmt":"2020-03-09T18:11:22","slug":"coronavirus-ameaca-de-pandemia-e-real-diz-oms","status":"publish","type":"post","link":"https:\/\/www.caririemacao.com\/1\/2020\/03\/09\/coronavirus-ameaca-de-pandemia-e-real-diz-oms\/","title":{"rendered":"Coronav\u00edrus: Amea\u00e7a de pandemia \u00e9 real, diz OMS"},"content":{"rendered":"\n<p>O diretor-geral da Organiza\u00e7\u00e3o Mundial de Sa\u00fade (OMS), Tedros Adhanom Ghebreyesus, declarou nesta segunda (9) que a &#8220;amea\u00e7a de pandemia&#8221; pelo Covid-19, a doen\u00e7a causada pelo novo coronav\u00edrus, \u00e9 real.<br><\/p>\n\n\n\n<p>&#8220;Agora que o novo coronav\u00edrus est\u00e1 presente em muitos pa\u00edses, a amea\u00e7a de uma pandemia tornou-se muito real&#8221;, declarou Tedros. &#8220;Mas seria a primeira pandemia da hist\u00f3ria que poderia ser controlada. O ponto principal \u00e9: n\u00e3o estamos \u00e0 merc\u00ea deste v\u00edrus&#8221;, disse.<br>Segundo o \u00faltimo boletim da entidade, 101 pa\u00edses, \u00e1reas ou territ\u00f3rios foram atingidos pelo Covid-19.<\/p>\n\n\n\n<ul class=\"wp-block-list\"><li><strong>LEIA MAIS<\/strong>:&nbsp;<a href=\"https:\/\/www.clickpb.com.br\/mundo\/bill-gates-financia-teste-caseiro-que-detecta-coronavirus-279470.html\">Bill Gates financia &#8216;teste caseiro&#8217; que detecta Coronav\u00edrus<\/a><\/li><\/ul>\n\n\n\n<p>Para Michael Ryan, o diretor-executivo de programas de emerg\u00eancia da OMS, o princ\u00edpio do uso da palavra &#8220;epidemia&#8221; \u00e9 que a doen\u00e7a est\u00e1 mais espalhada de pa\u00eds para pa\u00eds. &#8220;Da nossa perspectiva, n\u00f3s estamos alcan\u00e7ando o ponto, com 100 pa\u00edses e 100 mil casos, \u00e9 hora de olhar para tr\u00e1s e pensar. N\u00e3o \u00e9 uma medida quantitativa, mas \u00e9 uma medida qualitativa. A essa altura, muitos pa\u00edses podem ser afetados, o v\u00edrus estar\u00e1 em todos os lugares&#8221;, afirmou Ryan.<\/p>\n\n\n\n<p>&#8220;N\u00e3o estou preocupado com a palavra, estou preocupado com a rea\u00e7\u00e3o do mundo a essa palavra. Qual vai ser a rea\u00e7\u00e3o? Lutar contra o v\u00edrus ou desistir?&#8221; &#8211; Michael Ryan, OMS<br>&#8220;De todos os casos reportados ao redor do mundo at\u00e9 agora, 93% s\u00e3o de apenas 4 pa\u00edses&#8221;, lembrou Tedros. &#8220;Essa \u00e9 uma epidemia desigual no n\u00edvel global. Pa\u00edses diferentes t\u00eam cen\u00e1rios diferentes, pedindo uma resposta personalizada&#8221;.<\/p>\n\n\n\n<p><strong>LEIA MAIS<\/strong>:&nbsp;<a href=\"https:\/\/www.clickpb.com.br\/brasil\/america-latina-sobe-para-10-numero-de-paises-com-casos-de-coronavirus-279465.html\">Am\u00e9rica Latina: sobe para 10 n\u00famero de pa\u00edses com casos de coronav\u00edrus<\/a><br><\/p>\n\n\n\n<p>Os pa\u00edses com mais casos reportados de Covid-19 s\u00e3o a China, onde o v\u00edrus surgiu, o Ir\u00e3, a Coreia do Sul e a It\u00e1lia.<\/p>\n\n\n\n<p>A l\u00edder t\u00e9cnica de programas de emerg\u00eancia da entidade Maria van Kerkhove tamb\u00e9m destacou a necessidade de investigar a transmiss\u00e3o do v\u00edrus para trabalhadores de sa\u00fade \u2014 apesar de esse n\u00e3o ser, segundo a cientista, um grande fator de transmiss\u00e3o do Covid-19. Ryan lembrou que \u00e9 dif\u00edcil obter dados nesses pa\u00edses por causa da emerg\u00eancia com o v\u00edrus.<\/p>\n\n\n\n<p><strong>LEIA MAIS<\/strong>:&nbsp;<a href=\"https:\/\/www.clickpb.com.br\/saude\/paraiba-investiga-tres-casos-suspeitos-de-coronavirus-um-deles-em-uma-crianca-de-seis-anos-279436.html\">Para\u00edba investiga tr\u00eas casos suspeitos de Coronav\u00edrus; um deles em uma crian\u00e7a de seis anos<\/a><br><\/p>\n\n\n\n<p>O especialista tamb\u00e9m lembrou que \u00e9 dif\u00edcil avaliar os n\u00fameros de pacientes que se recuperaram da doen\u00e7a, pois n\u00e3o h\u00e1 um crit\u00e9rio objetivo e a OMS n\u00e3o monitora esses n\u00fameros. Mesmo um paciente que tenha dois testes negativos para o v\u00edrus pode levar meses para se recuperar da doen\u00e7a do ponto de vista cl\u00ednico, disse Ryan.<\/p>\n","protected":false},"excerpt":{"rendered":"<p>O diretor-geral da Organiza\u00e7\u00e3o Mundial de Sa\u00fade (OMS), Tedros Adhanom Ghebreyesus, declarou nesta segunda (9) que a &#8220;amea\u00e7a de pandemia&#8221; pelo Covid-19, a doen\u00e7a causada&hellip; <\/p>\n","protected":false},"author":2,"featured_media":157123,"comment_status":"closed","ping_status":"closed","sticky":false,"template":"","format":"standard","meta":{"sfsi_plus_gutenberg_text_before_share":"","sfsi_plus_gutenberg_show_text_before_share":"","sfsi_plus_gutenberg_icon_type":"","sfsi_plus_gutenberg_icon_alignemt":"","sfsi_plus_gutenburg_max_per_row":"","footnotes":""},"categories":[2],"tags":[],"class_list":["post-157122","post","type-post","status-publish","format-standard","has-post-thumbnail","hentry","category-geral"],"_links":{"self":[{"href":"https:\/\/www.caririemacao.com\/1\/wp-json\/wp\/v2\/posts\/157122","targetHints":{"allow":["GET"]}}],"collection":[{"href":"https:\/\/www.caririemacao.com\/1\/wp-json\/wp\/v2\/posts"}],"about":[{"href":"https:\/\/www.caririemacao.com\/1\/wp-json\/wp\/v2\/types\/post"}],"author":[{"embeddable":true,"href":"https:\/\/www.caririemacao.com\/1\/wp-json\/wp\/v2\/users\/2"}],"replies":[{"embeddable":true,"href":"https:\/\/www.caririemacao.com\/1\/wp-json\/wp\/v2\/comments?post=157122"}],"version-history":[{"count":1,"href":"https:\/\/www.caririemacao.com\/1\/wp-json\/wp\/v2\/posts\/157122\/revisions"}],"predecessor-version":[{"id":157124,"href":"https:\/\/www.caririemacao.com\/1\/wp-json\/wp\/v2\/posts\/157122\/revisions\/157124"}],"wp:featuredmedia":[{"embeddable":true,"href":"https:\/\/www.caririemacao.com\/1\/wp-json\/wp\/v2\/media\/157123"}],"wp:attachment":[{"href":"https:\/\/www.caririemacao.com\/1\/wp-json\/wp\/v2\/media?parent=157122"}],"wp:term":[{"taxonomy":"category","embeddable":true,"href":"https:\/\/www.caririemacao.com\/1\/wp-json\/wp\/v2\/categories?post=157122"},{"taxonomy":"post_tag","embeddable":true,"href":"https:\/\/www.caririemacao.com\/1\/wp-json\/wp\/v2\/tags?post=157122"}],"curies":[{"name":"wp","href":"https:\/\/api.w.org\/{rel}","templated":true}]}}