{"id":157136,"date":"2020-03-10T07:10:46","date_gmt":"2020-03-10T10:10:46","guid":{"rendered":"http:\/\/www.caririemacao.com\/1\/?p=157136"},"modified":"2020-03-10T07:18:38","modified_gmt":"2020-03-10T10:18:38","slug":"bolsonaro-minimiza-crise-coronavirus-esta-superdimensionado","status":"publish","type":"post","link":"https:\/\/www.caririemacao.com\/1\/2020\/03\/10\/bolsonaro-minimiza-crise-coronavirus-esta-superdimensionado\/","title":{"rendered":"Bolsonaro minimiza crise: coronav\u00edrus est\u00e1 superdimensionado"},"content":{"rendered":"\n<p>Diante do clima de p\u00e2nico no mercado financeiro, o presidente Jair Bolsonaro minimizou o caos econ\u00f4mico desta segunda-feira (9) e disse que o derretimento das Bolsas do Brasil e do mundo foi ocasionado pela queda no pre\u00e7o do petr\u00f3leo e pelo que considera superdimens\u00e3o do coronav\u00edrus.<\/p>\n\n\n\n<p>Durante evento com a comunidade brasileira em Miami, o presidente afirmou que o v\u00edrus com origem na China tem seu \u201cpoder destruidor potencializado por quest\u00f5es econ\u00f4micas.\u201d<\/p>\n\n\n\n<p>\u201cObviamente a queda dr\u00e1stica da Bolsa de Valores no mundo todo tem a ver com a queda do petr\u00f3leo que despencou, se n\u00e3o me engano, 30%\u201d, declarou Bolsonaro.<\/p>\n\n\n\n<p>\u201cTem a quest\u00e3o do coronav\u00edrus tamb\u00e9m que, no meu entender, est\u00e1 superdimensionado, o poder destruidor desse v\u00edrus. Ent\u00e3o talvez esteja sendo potencializado at\u00e9 por quest\u00e3o econ\u00f4mica, mas acredito que o Brasil, n\u00e3o \u00e9 que vai dar certo, j\u00e1 deu certo.\u201d<\/p>\n\n\n\n<p>O coronav\u00edrus registrou 105,5 mil casos em 97 pa\u00edses do mundo, sendo 3.584 mortes. No Brasil, s\u00e3o 930 casos suspeitos e 25 confirmados, mas ainda n\u00e3o h\u00e1 registro de mortes pela doen\u00e7a.<\/p>\n\n\n\n<p>J\u00e1 nos EUA, onde Bolsonaro est\u00e1 desde s\u00e1bado (7), s\u00e3o mais de 600 casos confirmados, sendo duas mortes na Fl\u00f3rida, estado onde est\u00e1 o presidente brasileiro.<\/p>\n\n\n\n<p>Esta semana, o presidente americano, Donald Trump, tamb\u00e9m minimizou o coronav\u00edrus, apesar das estat\u00edsticas e de organiza\u00e7\u00f5es internacionais j\u00e1 apontarem para uma amea\u00e7a de pandemia.<\/p>\n\n\n\n<p>Trump \u00e9 candidato \u00e0 reelei\u00e7\u00e3o e teme que uma crise econ\u00f4mica que empurre para baixo os bons \u00edndices dos EUA prejudique sua campanha \u00e0 Casa Branca.<\/p>\n\n\n\n<p>Bolsonaro, por sua vez, t\u00eam enfrentado dificuldade para fazer avan\u00e7ar as reformas no Congresso e, para a plateia de apoiadores, desenhou um Brasil cujos dados mostram que a economia \u201cest\u00e1 melhorando.\u201d<\/p>\n\n\n\n<p>Em 2019, o PIB (Produto Interno Bruto) cresceu 1,1% e preocupou investidores nacionais e internacionais.<\/p>\n\n\n\n<p>Os donos do dinheiro nos EUA observam com cautela o mercado brasileiro desde 2019 e ficaram ainda mais desanimados com a marcha lenta do PIB no in\u00edcio deste ano.<\/p>\n\n\n\n<p>Nesta segunda, o quadro piorou, com investidores em todo o mundo em busca de ativos mais seguros -que n\u00e3o est\u00e3o em pa\u00edses emergentes como o Brasil.<\/p>\n\n\n\n<p>Impactadas pelo avan\u00e7o do coronav\u00edrus e pela guerra do pre\u00e7o do petr\u00f3leo, as Bolsas do Brasil e dos EUA anunciaram circuit breaker \u2013 quando as negocia\u00e7\u00f5es s\u00e3o interrompidas compulsoriamente -, enquanto o d\u00f3lar e o risco pa\u00eds dispararam.<\/p>\n\n\n\n<p>No come\u00e7o do ano, a ind\u00fastria no Brasil desacelerou, assim como as atividades de com\u00e9rcio e servi\u00e7os, e parte do mercado passou a encarar o crescimento de 2% previsto para 2020 mais como um objetivo do que como piso.<\/p>\n\n\n\n<p>Horas antes do evento com a comunidade brasileira, Bolsonaro havia feito um discurso bem curto a empres\u00e1rios brasileiros tamb\u00e9m em Miami no qual afirmou que seu governo \u00e9 leal \u00e0 pol\u00edtica econ\u00f4mica de Paulo Guedes (Economia).<\/p>\n\n\n\n<p>Segundo o presidente, o Planalto tem buscando implementar as medidas propostas pelo ministro \u201cde todas as formas.\u201d<\/p>\n\n\n\n<p>Guedes, por sua vez, disse que a equipe econ\u00f4mica est\u00e1 tranquila e que a crise poderia at\u00e9 mesmo gerar empregos.<\/p>\n","protected":false},"excerpt":{"rendered":"<p>Diante do clima de p\u00e2nico no mercado financeiro, o presidente Jair Bolsonaro minimizou o caos econ\u00f4mico desta segunda-feira (9) e disse que o derretimento das&hellip; <\/p>\n","protected":false},"author":2,"featured_media":157137,"comment_status":"closed","ping_status":"closed","sticky":false,"template":"","format":"standard","meta":{"sfsi_plus_gutenberg_text_before_share":"","sfsi_plus_gutenberg_show_text_before_share":"","sfsi_plus_gutenberg_icon_type":"","sfsi_plus_gutenberg_icon_alignemt":"","sfsi_plus_gutenburg_max_per_row":"","footnotes":""},"categories":[11],"tags":[],"class_list":["post-157136","post","type-post","status-publish","format-standard","has-post-thumbnail","hentry","category-politica"],"_links":{"self":[{"href":"https:\/\/www.caririemacao.com\/1\/wp-json\/wp\/v2\/posts\/157136","targetHints":{"allow":["GET"]}}],"collection":[{"href":"https:\/\/www.caririemacao.com\/1\/wp-json\/wp\/v2\/posts"}],"about":[{"href":"https:\/\/www.caririemacao.com\/1\/wp-json\/wp\/v2\/types\/post"}],"author":[{"embeddable":true,"href":"https:\/\/www.caririemacao.com\/1\/wp-json\/wp\/v2\/users\/2"}],"replies":[{"embeddable":true,"href":"https:\/\/www.caririemacao.com\/1\/wp-json\/wp\/v2\/comments?post=157136"}],"version-history":[{"count":1,"href":"https:\/\/www.caririemacao.com\/1\/wp-json\/wp\/v2\/posts\/157136\/revisions"}],"predecessor-version":[{"id":157138,"href":"https:\/\/www.caririemacao.com\/1\/wp-json\/wp\/v2\/posts\/157136\/revisions\/157138"}],"wp:featuredmedia":[{"embeddable":true,"href":"https:\/\/www.caririemacao.com\/1\/wp-json\/wp\/v2\/media\/157137"}],"wp:attachment":[{"href":"https:\/\/www.caririemacao.com\/1\/wp-json\/wp\/v2\/media?parent=157136"}],"wp:term":[{"taxonomy":"category","embeddable":true,"href":"https:\/\/www.caririemacao.com\/1\/wp-json\/wp\/v2\/categories?post=157136"},{"taxonomy":"post_tag","embeddable":true,"href":"https:\/\/www.caririemacao.com\/1\/wp-json\/wp\/v2\/tags?post=157136"}],"curies":[{"name":"wp","href":"https:\/\/api.w.org\/{rel}","templated":true}]}}