{"id":157140,"date":"2020-03-10T07:26:48","date_gmt":"2020-03-10T10:26:48","guid":{"rendered":"http:\/\/www.caririemacao.com\/1\/?p=157140"},"modified":"2020-03-10T07:26:49","modified_gmt":"2020-03-10T10:26:49","slug":"prf-apreende-carga-com-mais-de-30-mil-pares-de-tenis-falsificados","status":"publish","type":"post","link":"https:\/\/www.caririemacao.com\/1\/2020\/03\/10\/prf-apreende-carga-com-mais-de-30-mil-pares-de-tenis-falsificados\/","title":{"rendered":"PRF apreende carga com mais de 30 mil pares de t\u00eanis falsificados"},"content":{"rendered":"\n<p>ais de 30 mil pares de t\u00eanis com ind\u00edcios de falsifica\u00e7\u00e3o e sonega\u00e7\u00e3o fiscal foram apreendidos pela Pol\u00edcia Rodovi\u00e1ria Federal na madrugada do s\u00e1bado para o domingo em Jo\u00e3o Pessoa.<\/p>\n\n\n\n<p>O motorista do caminh\u00e3o que transportava os pares de t\u00eanis \u00e9 um homem de 35 anos.<\/p>\n\n\n\n<p>O nome dele n\u00e3o foi revelado pela PRF.<\/p>\n\n\n\n<p>Ele informou que pegou a carga em Minas Gerais e que o destino seria Jo\u00e3o Pessoa.<\/p>\n\n\n\n<p>De acordo com as investiga\u00e7\u00f5es a carga seria distribu\u00edda tamb\u00e9m no Rio Grande do Norte.<\/p>\n\n\n\n<p>Com o condutor, foi encontrada tamb\u00e9m anfetamina, droga conhecida como rebite, que serve para manter o motorista acordado em viagens longas.<\/p>\n\n\n\n<figure class=\"wp-block-image\"><img decoding=\"async\" data-src=\"https:\/\/paraibaonline.com.br\/wp-content\/uploads\/2020\/03\/prf-apreensao-tv-cabo-branco.jpg\" alt=\"Foto: Reprodu\u00e7\u00e3o\/TV Cabo Branco\" class=\"wp-image-842360 lazyload\" src=\"data:image\/svg+xml;base64,PHN2ZyB3aWR0aD0iMSIgaGVpZ2h0PSIxIiB4bWxucz0iaHR0cDovL3d3dy53My5vcmcvMjAwMC9zdmciPjwvc3ZnPg==\" \/><\/figure>\n\n\n\n<p>Foto: Reprodu\u00e7\u00e3o\/TV Cabo Branco<\/p>\n\n\n\n<p>Ele foi encaminhado para o Centro de Opera\u00e7\u00f5es da Receita Estadual e a carga foi lacrada.<\/p>\n\n\n\n<p>O motorista ir\u00e1 responder pelos crimes de falsifica\u00e7\u00e3o e posse de droga.<\/p>\n\n\n\n<p>A superintendente substituta da PRF na Para\u00edba, Keilla Melo, comentou&nbsp; o caso.<\/p>\n\n\n\n<p>\u2013 At\u00e9 o momento o que n\u00f3s sabemos \u00e9 que esse material veio de Minas Gerais, ent\u00e3o o caminh\u00e3o foi abastecido em Minas Gerais, e teria como destino uma unidade, um posto \u00e0s margens da rodovia em Mamanguape e dali seria pulverizado, redistribu\u00edda essa carga para ve\u00edculos menores \u2013 disse.<\/p>\n\n\n\n<p>\u2013 O que chama aten\u00e7\u00e3o \u00e9 a quantidade de material apreendido. Ent\u00e3o isso mostra que n\u00e3o iria abastecer o com\u00e9rcio informal, mas sim possibilidade de grandes lojas, e que o consumidor \u00e9 a principal pessoa lesada, j\u00e1 que a pessoa compra e paga por um produto original quando na verdade est\u00e1 levando um produto com ind\u00edcios claros de falsifica\u00e7\u00e3o \u2013 explicou.<\/p>\n\n\n\n<p>\u2013 Ent\u00e3o a partir desse momento o material vai ser encaminhado para um per\u00edcia para a comprova\u00e7\u00e3o da falta de autenticidade e os materiais que est\u00e3o com imposto sonegado, estes sim ser\u00e3o tributados \u2013 destacou.<\/p>\n\n\n\n<p>A carga pode ser incinerada devido \u00e0 falta de informa\u00e7\u00f5es referente \u00e0 proced\u00eancia de produ\u00e7\u00e3o do material, que pode ter o uso contraindicado.<\/p>\n\n\n\n<p>*com informa\u00e7\u00f5es da TV Cabo Branco<\/p>\n","protected":false},"excerpt":{"rendered":"<p>ais de 30 mil pares de t\u00eanis com ind\u00edcios de falsifica\u00e7\u00e3o e sonega\u00e7\u00e3o fiscal foram apreendidos pela Pol\u00edcia Rodovi\u00e1ria Federal na madrugada do s\u00e1bado para&hellip; <\/p>\n","protected":false},"author":2,"featured_media":157141,"comment_status":"closed","ping_status":"closed","sticky":false,"template":"","format":"standard","meta":{"sfsi_plus_gutenberg_text_before_share":"","sfsi_plus_gutenberg_show_text_before_share":"","sfsi_plus_gutenberg_icon_type":"","sfsi_plus_gutenberg_icon_alignemt":"","sfsi_plus_gutenburg_max_per_row":"","footnotes":""},"categories":[12],"tags":[],"class_list":["post-157140","post","type-post","status-publish","format-standard","has-post-thumbnail","hentry","category-policia"],"_links":{"self":[{"href":"https:\/\/www.caririemacao.com\/1\/wp-json\/wp\/v2\/posts\/157140","targetHints":{"allow":["GET"]}}],"collection":[{"href":"https:\/\/www.caririemacao.com\/1\/wp-json\/wp\/v2\/posts"}],"about":[{"href":"https:\/\/www.caririemacao.com\/1\/wp-json\/wp\/v2\/types\/post"}],"author":[{"embeddable":true,"href":"https:\/\/www.caririemacao.com\/1\/wp-json\/wp\/v2\/users\/2"}],"replies":[{"embeddable":true,"href":"https:\/\/www.caririemacao.com\/1\/wp-json\/wp\/v2\/comments?post=157140"}],"version-history":[{"count":1,"href":"https:\/\/www.caririemacao.com\/1\/wp-json\/wp\/v2\/posts\/157140\/revisions"}],"predecessor-version":[{"id":157142,"href":"https:\/\/www.caririemacao.com\/1\/wp-json\/wp\/v2\/posts\/157140\/revisions\/157142"}],"wp:featuredmedia":[{"embeddable":true,"href":"https:\/\/www.caririemacao.com\/1\/wp-json\/wp\/v2\/media\/157141"}],"wp:attachment":[{"href":"https:\/\/www.caririemacao.com\/1\/wp-json\/wp\/v2\/media?parent=157140"}],"wp:term":[{"taxonomy":"category","embeddable":true,"href":"https:\/\/www.caririemacao.com\/1\/wp-json\/wp\/v2\/categories?post=157140"},{"taxonomy":"post_tag","embeddable":true,"href":"https:\/\/www.caririemacao.com\/1\/wp-json\/wp\/v2\/tags?post=157140"}],"curies":[{"name":"wp","href":"https:\/\/api.w.org\/{rel}","templated":true}]}}