{"id":157144,"date":"2020-03-10T07:28:35","date_gmt":"2020-03-10T10:28:35","guid":{"rendered":"http:\/\/www.caririemacao.com\/1\/?p=157144"},"modified":"2020-03-10T07:28:37","modified_gmt":"2020-03-10T10:28:37","slug":"botafogo-pb-anuncia-contratacao-de-volante-que-estava-no-futebol-do-parana","status":"publish","type":"post","link":"https:\/\/www.caririemacao.com\/1\/2020\/03\/10\/botafogo-pb-anuncia-contratacao-de-volante-que-estava-no-futebol-do-parana\/","title":{"rendered":"Botafogo-PB anuncia contrata\u00e7\u00e3o de volante que estava no futebol do Paran\u00e1"},"content":{"rendered":"\n<p> Depois de negociar Djavan com o N\u00e1utico, emprestar Rafael Rocha para o S\u00e3o Paulo Crystal e sem prazo de retorno para Rog\u00e9rio, que tem uma les\u00e3o no ligamento do joelho que precisa ainda ser reavaliada para descobrir a gravidade, o Botafogo-PB foi para o mercado buscar um meio-campista marcador.<\/p>\n\n\n\n<p>No intuito de suprir a aus\u00eancia de volantes, pois ficou apenas com Wellington C\u00e9zar para a posi\u00e7\u00e3o, o Belo acertou, na tarde desta segunda-feira (10), a contrata\u00e7\u00e3o de Mineiro, que veio do Toledo-PR.<\/p>\n\n\n\n<figure class=\"wp-block-image\"><img decoding=\"async\" data-src=\"https:\/\/paraibaonline.com.br\/wp-content\/uploads\/2020\/03\/VolanteMineiro.jpg\" alt=\"Para\u00edba Online \u2022 Botafogo-PB anuncia contrata\u00e7\u00e3o de volante que estava no futebol do Paran\u00e1\" class=\"wp-image-842284 lazyload\" src=\"data:image\/svg+xml;base64,PHN2ZyB3aWR0aD0iMSIgaGVpZ2h0PSIxIiB4bWxucz0iaHR0cDovL3d3dy53My5vcmcvMjAwMC9zdmciPjwvc3ZnPg==\" \/><\/figure>\n\n\n\n<p>Foto: Ascom \/ Botafogo-PB<\/p>\n\n\n\n<p>O jogador de 30 anos atuou por cinco temporadas no Brusque-SC, onde at\u00e9 foi her\u00f3i salvando uma mulher de afogamento, e tamb\u00e9m jogou por Inter de Limeira-SP, Portuguesa Santista-SP, Guarani-SP, Marc\u00edlio Dias-SC e \u00c1guia Negra-MS.<\/p>\n\n\n\n<p>\u00c9 a primeira passagem do meio-campista pelo futebol da Para\u00edba. A tend\u00eancia \u00e9 que Mineiro seja regularizado e j\u00e1 fique \u00e0 disposi\u00e7\u00e3o de Evaristo Piza para o duelo de quinta-feira (12), diante do Santa Cruz, pela Copa do Nordeste.<\/p>\n\n\n\n<p>Mudan\u00e7a na agenda Ainda em fevereiro, a Federa\u00e7\u00e3o Paraibana de Futebol alterou a tabela do Campeonato Paraibano para agendar os jogos atrasados do Botafogo-PB.<\/p>\n\n\n\n<p>Para o dia 11, a pr\u00f3xima quarta-feira, a previs\u00e3o seria de que o Belo enfrentasse o Sousa, em partida atrasada da quarta rodada.<\/p>\n\n\n\n<p>Entretanto, como a Copa do Nordeste antecipou o jogo do time da Maravilha do Contorno, que seria dia 15, para a pr\u00f3xima quinta, o compromisso do fim de semana do Botafogo-PB ser\u00e1 diante do Nacional de Patos, em jogo v\u00e1lido pela s\u00e9tima rodada, no Almeid\u00e3o, \u00e0s 17h, no domingo.ineiro, que veio do Toledo-PR.<\/p>\n","protected":false},"excerpt":{"rendered":"<p>Depois de negociar Djavan com o N\u00e1utico, emprestar Rafael Rocha para o S\u00e3o Paulo Crystal e sem prazo de retorno para Rog\u00e9rio, que tem uma&hellip; <\/p>\n","protected":false},"author":2,"featured_media":157145,"comment_status":"closed","ping_status":"closed","sticky":false,"template":"","format":"standard","meta":{"sfsi_plus_gutenberg_text_before_share":"","sfsi_plus_gutenberg_show_text_before_share":"","sfsi_plus_gutenberg_icon_type":"","sfsi_plus_gutenberg_icon_alignemt":"","sfsi_plus_gutenburg_max_per_row":"","footnotes":""},"categories":[13],"tags":[],"class_list":["post-157144","post","type-post","status-publish","format-standard","has-post-thumbnail","hentry","category-esportes"],"_links":{"self":[{"href":"https:\/\/www.caririemacao.com\/1\/wp-json\/wp\/v2\/posts\/157144","targetHints":{"allow":["GET"]}}],"collection":[{"href":"https:\/\/www.caririemacao.com\/1\/wp-json\/wp\/v2\/posts"}],"about":[{"href":"https:\/\/www.caririemacao.com\/1\/wp-json\/wp\/v2\/types\/post"}],"author":[{"embeddable":true,"href":"https:\/\/www.caririemacao.com\/1\/wp-json\/wp\/v2\/users\/2"}],"replies":[{"embeddable":true,"href":"https:\/\/www.caririemacao.com\/1\/wp-json\/wp\/v2\/comments?post=157144"}],"version-history":[{"count":1,"href":"https:\/\/www.caririemacao.com\/1\/wp-json\/wp\/v2\/posts\/157144\/revisions"}],"predecessor-version":[{"id":157146,"href":"https:\/\/www.caririemacao.com\/1\/wp-json\/wp\/v2\/posts\/157144\/revisions\/157146"}],"wp:featuredmedia":[{"embeddable":true,"href":"https:\/\/www.caririemacao.com\/1\/wp-json\/wp\/v2\/media\/157145"}],"wp:attachment":[{"href":"https:\/\/www.caririemacao.com\/1\/wp-json\/wp\/v2\/media?parent=157144"}],"wp:term":[{"taxonomy":"category","embeddable":true,"href":"https:\/\/www.caririemacao.com\/1\/wp-json\/wp\/v2\/categories?post=157144"},{"taxonomy":"post_tag","embeddable":true,"href":"https:\/\/www.caririemacao.com\/1\/wp-json\/wp\/v2\/tags?post=157144"}],"curies":[{"name":"wp","href":"https:\/\/api.w.org\/{rel}","templated":true}]}}