{"id":157152,"date":"2020-03-10T07:53:31","date_gmt":"2020-03-10T10:53:31","guid":{"rendered":"http:\/\/www.caririemacao.com\/1\/?p=157152"},"modified":"2020-03-10T07:53:33","modified_gmt":"2020-03-10T10:53:33","slug":"policia-federal-deflagra-nova-fase-da-operacao-calvario-lotep-e-tce-sao-alvos-da-investigacao","status":"publish","type":"post","link":"https:\/\/www.caririemacao.com\/1\/2020\/03\/10\/policia-federal-deflagra-nova-fase-da-operacao-calvario-lotep-e-tce-sao-alvos-da-investigacao\/","title":{"rendered":"Pol\u00edcia Federal deflagra nova fase da Opera\u00e7\u00e3o Calv\u00e1rio; Lotep e TCE s\u00e3o alvos da investiga\u00e7\u00e3o"},"content":{"rendered":"\n<p>A Pol\u00edcia Federal na Para\u00edba e o Grupo de Atua\u00e7\u00e3o Especial de&nbsp;Repress\u00e3o ao Crime Organizado do Minist\u00e9rio P\u00fablico na Para\u00edba \u2013 GAECO\/PB, com&nbsp;apoio da Controladoria Geral da Uni\u00e3o \u2013 CGU, deflagraram, na manh\u00e3 desta ter\u00e7a-feira (10), a 8\u00ba Fase da Opera\u00e7\u00e3o Calv\u00e1rio, com objetivo de investigar&nbsp;ind\u00edcios de lavagem de dinheiro de recursos desviados de organiza\u00e7\u00f5es sociais da&nbsp;\u00e1rea da sa\u00fade, por meio de jogos de apostas autorizados pela Loteria do Estado da&nbsp;Para\u00edba.<\/p>\n\n\n\n<figure class=\"wp-block-image\"><img decoding=\"async\" data-src=\"https:\/\/www.clickpb.com.br\/media\/filer_public\/ce\/39\/ce399e87-eb68-4751-b32b-3878b4a6f8cd\/img-20200310-wa0001.jpg\" alt=\"\" src=\"data:image\/svg+xml;base64,PHN2ZyB3aWR0aD0iMSIgaGVpZ2h0PSIxIiB4bWxucz0iaHR0cDovL3d3dy53My5vcmcvMjAwMC9zdmciPjwvc3ZnPg==\" class=\"lazyload\" \/><\/figure>\n\n\n\n<p>ENTENDA O CASO<\/p>\n\n\n\n<p>As investiga\u00e7\u00f5es demonstram que parte dos recursos foram desviados com a&nbsp;participa\u00e7\u00e3o de auditor do Tribunal de Contas do Estado da Para\u00edba, que teria&nbsp; recebido vantagem indevida para embara\u00e7ar ou obstar a fiscaliza\u00e7\u00e3o nas organiza\u00e7\u00f5es&nbsp;sociais.<\/p>\n\n\n\n<figure class=\"wp-block-image\"><img decoding=\"async\" data-src=\"https:\/\/www.clickpb.com.br\/media\/filer_public\/b6\/04\/b604822d-6015-4459-a040-64e1601fafeb\/img-20200310-wa0003.jpg\" alt=\"\" src=\"data:image\/svg+xml;base64,PHN2ZyB3aWR0aD0iMSIgaGVpZ2h0PSIxIiB4bWxucz0iaHR0cDovL3d3dy53My5vcmcvMjAwMC9zdmciPjwvc3ZnPg==\" class=\"lazyload\" \/><\/figure>\n\n\n\n<p>O aprofundamento do trabalho investigativo tamb\u00e9m apontou no sentido de&nbsp;embara\u00e7os \u00e0 pr\u00f3pria Opera\u00e7\u00e3o CALV\u00c1RIO, mediante a atua\u00e7\u00e3o de um profissional<br>jornalista, o qual se valia de seus canais de imprensa para constranger investigados ou&nbsp;potenciais investigados a lhe pagarem vantagem indevida, sob pena de revelar&nbsp;<br>conte\u00fado sigiloso, ofendendo, por via reflexa, a honra objetiva de autoridades&nbsp;respons\u00e1veis pela apura\u00e7\u00e3o, referidas indevidamente como fontes do acesso&nbsp; privilegiado.<\/p>\n\n\n\n<figure class=\"wp-block-image\"><img decoding=\"async\" data-src=\"https:\/\/www.clickpb.com.br\/media\/filer_public\/dc\/a1\/dca1855a-d61f-4716-b2f9-ca7f74f2badc\/img-20200310-wa0004.jpg\" alt=\"\" src=\"data:image\/svg+xml;base64,PHN2ZyB3aWR0aD0iMSIgaGVpZ2h0PSIxIiB4bWxucz0iaHR0cDovL3d3dy53My5vcmcvMjAwMC9zdmciPjwvc3ZnPg==\" class=\"lazyload\" \/><\/figure>\n\n\n\n<p>A opera\u00e7\u00e3o contou com a participa\u00e7\u00e3o de 55 Policiais Federais, e cinco&nbsp;auditores da CGU, sendo realizado o cumprimento de nove&nbsp;mandados de&nbsp;busca e apreens\u00e3o nas resid\u00eancias dos investigados, e no Tribunal de Contas do Estado&nbsp;da Para\u00edba, nas cidades de Jo\u00e3o Pessoa\/PB e Bananeiras\/PB, bem como o&nbsp;cumprimento de 1 (um) mandado pris\u00e3o.<\/p>\n\n\n\n<p>As ordens foram expedidas pelo Desembargador Ricardo Vital de Almeida, do Tribunal&nbsp;de Justi\u00e7a do Estado da Para\u00edba.<\/p>\n\n\n\n<p>CRIMES INVESTIGADOS<\/p>\n\n\n\n<p>Os investigados responder\u00e3o pelos crimes previstos nos artigos 158 e 317 do C\u00f3digo&nbsp;Penal Brasileiro, art. 1\u00ba da Lei 9.613\/1198 e\/ou art. 2\u00ba, \u00a7 1\u00ba, da Lei 12.850\/2013, cujas&nbsp;<br>penas, somadas, poder\u00e3o ultrapassar 20 (vinte) anos de reclus\u00e3o.<\/p>\n\n\n\n<p>N\u00e3o haver\u00e1 entrevista coletiva.<\/p>\n","protected":false},"excerpt":{"rendered":"<p>A Pol\u00edcia Federal na Para\u00edba e o Grupo de Atua\u00e7\u00e3o Especial de&nbsp;Repress\u00e3o ao Crime Organizado do Minist\u00e9rio P\u00fablico na Para\u00edba \u2013 GAECO\/PB, com&nbsp;apoio da Controladoria&hellip; <\/p>\n","protected":false},"author":2,"featured_media":157153,"comment_status":"closed","ping_status":"closed","sticky":false,"template":"","format":"standard","meta":{"sfsi_plus_gutenberg_text_before_share":"","sfsi_plus_gutenberg_show_text_before_share":"","sfsi_plus_gutenberg_icon_type":"","sfsi_plus_gutenberg_icon_alignemt":"","sfsi_plus_gutenburg_max_per_row":"","footnotes":""},"categories":[12],"tags":[],"class_list":["post-157152","post","type-post","status-publish","format-standard","has-post-thumbnail","hentry","category-policia"],"_links":{"self":[{"href":"https:\/\/www.caririemacao.com\/1\/wp-json\/wp\/v2\/posts\/157152","targetHints":{"allow":["GET"]}}],"collection":[{"href":"https:\/\/www.caririemacao.com\/1\/wp-json\/wp\/v2\/posts"}],"about":[{"href":"https:\/\/www.caririemacao.com\/1\/wp-json\/wp\/v2\/types\/post"}],"author":[{"embeddable":true,"href":"https:\/\/www.caririemacao.com\/1\/wp-json\/wp\/v2\/users\/2"}],"replies":[{"embeddable":true,"href":"https:\/\/www.caririemacao.com\/1\/wp-json\/wp\/v2\/comments?post=157152"}],"version-history":[{"count":1,"href":"https:\/\/www.caririemacao.com\/1\/wp-json\/wp\/v2\/posts\/157152\/revisions"}],"predecessor-version":[{"id":157154,"href":"https:\/\/www.caririemacao.com\/1\/wp-json\/wp\/v2\/posts\/157152\/revisions\/157154"}],"wp:featuredmedia":[{"embeddable":true,"href":"https:\/\/www.caririemacao.com\/1\/wp-json\/wp\/v2\/media\/157153"}],"wp:attachment":[{"href":"https:\/\/www.caririemacao.com\/1\/wp-json\/wp\/v2\/media?parent=157152"}],"wp:term":[{"taxonomy":"category","embeddable":true,"href":"https:\/\/www.caririemacao.com\/1\/wp-json\/wp\/v2\/categories?post=157152"},{"taxonomy":"post_tag","embeddable":true,"href":"https:\/\/www.caririemacao.com\/1\/wp-json\/wp\/v2\/tags?post=157152"}],"curies":[{"name":"wp","href":"https:\/\/api.w.org\/{rel}","templated":true}]}}