{"id":157156,"date":"2020-03-10T07:58:36","date_gmt":"2020-03-10T10:58:36","guid":{"rendered":"http:\/\/www.caririemacao.com\/1\/?p=157156"},"modified":"2020-03-10T07:58:38","modified_gmt":"2020-03-10T10:58:38","slug":"governo-da-italia-decreta-bloqueio-do-pais-para-conter-coronavirus","status":"publish","type":"post","link":"https:\/\/www.caririemacao.com\/1\/2020\/03\/10\/governo-da-italia-decreta-bloqueio-do-pais-para-conter-coronavirus\/","title":{"rendered":"Governo da It\u00e1lia decreta bloqueio do pa\u00eds para conter coronav\u00edrus"},"content":{"rendered":"\n<p>O primeiro-ministro da It\u00e1lia, Giuseppe Conte, decretou nesta segunda-feira (9) bloqueio da It\u00e1lia como uma medida para conter a propaga\u00e7\u00e3o do coronav\u00edrus (Covid-19), restringindo os deslocamentos no pa\u00eds. Conte disse a rep\u00f3rteres que as medidas adotadas apenas dois dias atr\u00e1s em grande parte do norte n\u00e3o eram mais suficientes e que teriam que ser estendidas a todo o pa\u00eds a partir de ter\u00e7a-feira (10).&nbsp;<\/p>\n\n\n\n<p>\u201cNossos h\u00e1bitos precisam mudar, precisam mudar agora, todos n\u00f3s precisamos desistir de alguma coisa pelo bem da It\u00e1lia\u201d, disse Conte. &#8220;Fique em casa&#8221;.<\/p>\n\n\n\n<p>De acordo com a medida tomada por Conte, as pessoas devem ficar em casa, a menos que tenham raz\u00f5es importantes relacionadas ao trabalho, sa\u00fade ou outras necessidades especiais. O deslocamento para o trabalho ainda ser\u00e1 permitido.<\/p>\n\n\n\n<p>As escolas e universidades permanecer\u00e3o fechadas at\u00e9 o dia 3 de abril.<\/p>\n\n\n\n<p>A It\u00e1lia \u00e9 o pa\u00eds europeu com o maior n\u00famero de infectados e de mortos pelo Covid-19. Dados divulgados nesta segunda-feira mostraram um aumento de n\u00famero de mortes pelo v\u00edrus de 97 para 463 e um crescimento de 24% no total de casos, que chegou a 9.172. Desse total, 733 pessoas estavam em tratamento intensivo.&nbsp;<\/p>\n\n\n\n<p>Nesta segunda-feira, o diretor-geral da Organiza\u00e7\u00e3o Mundial da Sa\u00fade (OMS), Tedros Adhanom Ghebreyesus, disse que a amea\u00e7a de uma pandemia de coronav\u00edrus se tornou real, mas disse que seria a primeira pandemia que poderia ser controlada.<\/p>\n\n\n\n<p>&#8220;Estamos encorajados pela It\u00e1lia estar tomando medidas agressivas para conter sua epidemia e esperamos que essas medidas se mostrem eficazes nos pr\u00f3ximos dias&#8221;, disse.<\/p>\n","protected":false},"excerpt":{"rendered":"<p>O primeiro-ministro da It\u00e1lia, Giuseppe Conte, decretou nesta segunda-feira (9) bloqueio da It\u00e1lia como uma medida para conter a propaga\u00e7\u00e3o do coronav\u00edrus (Covid-19), restringindo os&hellip; <\/p>\n","protected":false},"author":2,"featured_media":157157,"comment_status":"closed","ping_status":"closed","sticky":false,"template":"","format":"standard","meta":{"sfsi_plus_gutenberg_text_before_share":"","sfsi_plus_gutenberg_show_text_before_share":"","sfsi_plus_gutenberg_icon_type":"","sfsi_plus_gutenberg_icon_alignemt":"","sfsi_plus_gutenburg_max_per_row":"","footnotes":""},"categories":[2],"tags":[],"class_list":["post-157156","post","type-post","status-publish","format-standard","has-post-thumbnail","hentry","category-geral"],"_links":{"self":[{"href":"https:\/\/www.caririemacao.com\/1\/wp-json\/wp\/v2\/posts\/157156","targetHints":{"allow":["GET"]}}],"collection":[{"href":"https:\/\/www.caririemacao.com\/1\/wp-json\/wp\/v2\/posts"}],"about":[{"href":"https:\/\/www.caririemacao.com\/1\/wp-json\/wp\/v2\/types\/post"}],"author":[{"embeddable":true,"href":"https:\/\/www.caririemacao.com\/1\/wp-json\/wp\/v2\/users\/2"}],"replies":[{"embeddable":true,"href":"https:\/\/www.caririemacao.com\/1\/wp-json\/wp\/v2\/comments?post=157156"}],"version-history":[{"count":1,"href":"https:\/\/www.caririemacao.com\/1\/wp-json\/wp\/v2\/posts\/157156\/revisions"}],"predecessor-version":[{"id":157158,"href":"https:\/\/www.caririemacao.com\/1\/wp-json\/wp\/v2\/posts\/157156\/revisions\/157158"}],"wp:featuredmedia":[{"embeddable":true,"href":"https:\/\/www.caririemacao.com\/1\/wp-json\/wp\/v2\/media\/157157"}],"wp:attachment":[{"href":"https:\/\/www.caririemacao.com\/1\/wp-json\/wp\/v2\/media?parent=157156"}],"wp:term":[{"taxonomy":"category","embeddable":true,"href":"https:\/\/www.caririemacao.com\/1\/wp-json\/wp\/v2\/categories?post=157156"},{"taxonomy":"post_tag","embeddable":true,"href":"https:\/\/www.caririemacao.com\/1\/wp-json\/wp\/v2\/tags?post=157156"}],"curies":[{"name":"wp","href":"https:\/\/api.w.org\/{rel}","templated":true}]}}