{"id":157167,"date":"2020-03-10T08:02:27","date_gmt":"2020-03-10T11:02:27","guid":{"rendered":"http:\/\/www.caririemacao.com\/1\/?p=157167"},"modified":"2020-03-10T08:05:32","modified_gmt":"2020-03-10T11:05:32","slug":"prefeitura-de-sao-jose-dos-cordeiros-entrega-kit-escolar-a-todos-os-alunos","status":"publish","type":"post","link":"https:\/\/www.caririemacao.com\/1\/2020\/03\/10\/prefeitura-de-sao-jose-dos-cordeiros-entrega-kit-escolar-a-todos-os-alunos\/","title":{"rendered":"Prefeitura de S\u00e3o Jos\u00e9 dos Cordeiros entrega kit escolar a todos os alunos"},"content":{"rendered":"\n<div class=\"wp-block-image\"><figure class=\"aligncenter\"><img decoding=\"async\" data-src=\"http:\/\/deolhonocariri.com.br\/wp-content\/uploads\/2020\/03\/87817447_230417664765553_2417368118591488000_n.jpg\" alt=\"\" class=\"wp-image-78945 lazyload\" src=\"data:image\/svg+xml;base64,PHN2ZyB3aWR0aD0iMSIgaGVpZ2h0PSIxIiB4bWxucz0iaHR0cDovL3d3dy53My5vcmcvMjAwMC9zdmciPjwvc3ZnPg==\" \/><\/figure><\/div>\n\n\n\n<p>Desde a semana passada, a Secretaria de Educa\u00e7\u00e3o de S\u00e3o Jos\u00e9 dos Cordeiros est\u00e1 entregando ao seu alunado o Kit Escolar do novo ano letivo. Ser\u00e3o beneficiados 320 alunos, tanto da educa\u00e7\u00e3o infantil, como do ensino fundamental.<\/p>\n\n\n\n<p>Cada aluno recebe em seu kit um caderno, l\u00e1pis, borracha, r\u00e9gua, cola, apontador, l\u00e1pis colorir e tesoura. O Kit foi comprado com recursos da Prefeitura de S\u00e3o Jos\u00e9 dos Cordeiros, por meio da Secretaria de Educa\u00e7\u00e3o.<\/p>\n\n\n\n<p>Para a secret\u00e1ria de educa\u00e7\u00e3o Fl\u00e1via Dowsley: \u201cO munic\u00edpio iniciou o ano letivo oferecendo um curso em parceria com o Sebrae para investir na forma\u00e7\u00e3o de seus educadores. Agora entrega o material did\u00e1tico para seus alunos e ao longo de todo o ano buscar\u00e1 aprimorar a qualidade do ensino ofertado nas escolas municipais, a fim de melhorar tamb\u00e9m os \u00edndices da educa\u00e7\u00e3o do munic\u00edpio\u201d.<\/p>\n","protected":false},"excerpt":{"rendered":"<p>Desde a semana passada, a Secretaria de Educa\u00e7\u00e3o de S\u00e3o Jos\u00e9 dos Cordeiros est\u00e1 entregando ao seu alunado o Kit Escolar do novo ano letivo.&hellip; <\/p>\n","protected":false},"author":2,"featured_media":157168,"comment_status":"closed","ping_status":"closed","sticky":false,"template":"","format":"standard","meta":{"sfsi_plus_gutenberg_text_before_share":"","sfsi_plus_gutenberg_show_text_before_share":"","sfsi_plus_gutenberg_icon_type":"","sfsi_plus_gutenberg_icon_alignemt":"","sfsi_plus_gutenburg_max_per_row":"","footnotes":""},"categories":[50,2],"tags":[],"class_list":["post-157167","post","type-post","status-publish","format-standard","has-post-thumbnail","hentry","category-destaque","category-geral"],"_links":{"self":[{"href":"https:\/\/www.caririemacao.com\/1\/wp-json\/wp\/v2\/posts\/157167","targetHints":{"allow":["GET"]}}],"collection":[{"href":"https:\/\/www.caririemacao.com\/1\/wp-json\/wp\/v2\/posts"}],"about":[{"href":"https:\/\/www.caririemacao.com\/1\/wp-json\/wp\/v2\/types\/post"}],"author":[{"embeddable":true,"href":"https:\/\/www.caririemacao.com\/1\/wp-json\/wp\/v2\/users\/2"}],"replies":[{"embeddable":true,"href":"https:\/\/www.caririemacao.com\/1\/wp-json\/wp\/v2\/comments?post=157167"}],"version-history":[{"count":2,"href":"https:\/\/www.caririemacao.com\/1\/wp-json\/wp\/v2\/posts\/157167\/revisions"}],"predecessor-version":[{"id":157174,"href":"https:\/\/www.caririemacao.com\/1\/wp-json\/wp\/v2\/posts\/157167\/revisions\/157174"}],"wp:featuredmedia":[{"embeddable":true,"href":"https:\/\/www.caririemacao.com\/1\/wp-json\/wp\/v2\/media\/157168"}],"wp:attachment":[{"href":"https:\/\/www.caririemacao.com\/1\/wp-json\/wp\/v2\/media?parent=157167"}],"wp:term":[{"taxonomy":"category","embeddable":true,"href":"https:\/\/www.caririemacao.com\/1\/wp-json\/wp\/v2\/categories?post=157167"},{"taxonomy":"post_tag","embeddable":true,"href":"https:\/\/www.caririemacao.com\/1\/wp-json\/wp\/v2\/tags?post=157167"}],"curies":[{"name":"wp","href":"https:\/\/api.w.org\/{rel}","templated":true}]}}