{"id":157176,"date":"2020-03-10T08:08:05","date_gmt":"2020-03-10T11:08:05","guid":{"rendered":"http:\/\/www.caririemacao.com\/1\/?p=157176"},"modified":"2020-03-10T08:09:27","modified_gmt":"2020-03-10T11:09:27","slug":"renda-renascenca-de-monteiro-sera-destaque-no-maior-evento-de-moda-brasil","status":"publish","type":"post","link":"https:\/\/www.caririemacao.com\/1\/2020\/03\/10\/renda-renascenca-de-monteiro-sera-destaque-no-maior-evento-de-moda-brasil\/","title":{"rendered":"Renda Renascen\u00e7a de Monteiro ser\u00e1 destaque no maior evento de moda Brasil"},"content":{"rendered":"\n\n\n\n\n<p>A Renda Renascen\u00e7a produzida pelas rendeiras de Monteiro volta a ser destaque, e ser\u00e1 exibida \u00e0 n\u00edvel nacional, gra\u00e7as \u00e0s parcerias buscadas pela gest\u00e3o municipal junto ao governo do estado.<\/p>\n\n\n\n<p>Neste final de semana, o renomado estilista Ronaldo fraga esteve mais uma vez no munic\u00edpio, ministrando mais uma oficina de produ\u00e7\u00e3o, e confirmando que os trabalhos das artistas monteirenses ser\u00e3o expostos no maior evento de moda do pa\u00eds, o S\u00e3o Paulo Fashion Week.<\/p>\n\n\n\n<p>\u201cAs mulheres caririzeiras ter\u00e3o uma grande oportunidade de estampar as suas rendas no maior desfile de moda do mundo, o \u2018Fashion Week\u2019 em S\u00e3o Paulo \u2013 SP. Parab\u00e9ns a todas as rendeiras monteirenses que ir\u00e3o nos representar com sua bel\u00edssima arte\u201d, destacou a prefeita Anna Lorena.<\/p>\n\n\n\n<p>Renascen\u00e7a em Monteiro<\/p>\n\n\n\n<p>Desde 2017 a administra\u00e7\u00e3o da prefeita Anna Lorena vem discutindo a tem\u00e1tica da Renascen\u00e7a no munic\u00edpio e fechando parcerias para que esta cultura seja valorizada.<\/p>\n\n\n\n<p>No \u00faltimo ano as atividades t\u00eam sido intensificadas com a visita da&nbsp;primeira-dama do Estado que anunciou mais uma parceria entre o Governo do Estado e o Munic\u00edpio de Monteiro, desta vez para a cria\u00e7\u00e3o do Centro de Refer\u00eancia do Artesanato.<\/p>\n\n\n\n<p>Logo em seguida, o Estilista Ronaldo Fraga fez sua primeira atividade em Monteiro com uma s\u00e9rie de oficinas para as rendeiras do munic\u00edpio e cidades vizinhas. O momento tamb\u00e9m teve a participa\u00e7\u00e3o dos alunos Jovens Empreendedores da rede municipal de Ensino, com o intuito de despertar nos adolescentes o interesse pela antiga arte.<\/p>\n\n\n\n<p>J\u00e1 no m\u00eas de janeiro do corrente ano, as rendeiras monteirenses tiveram a oportunidade de expor seus trabalhos no desfile da cole\u00e7\u00e3o #SomosTODOSPara\u00edba que integrou a programa\u00e7\u00e3o da 31\u00aa edi\u00e7\u00e3o do Sal\u00e3o do Artesanato da Para\u00edba que aconteceu na capital.<\/p>\n\n\n\n<p>ASCOM<\/p>\n\n\n\n<figure class=\"wp-block-image\"><img decoding=\"async\" data-src=\"http:\/\/hora1pb.com.br\/wp-content\/uploads\/2020\/03\/35C95FF6-409A-4862-BF23-E6466FE073E4-300x199.jpeg\" alt=\"\" class=\"wp-image-17903 lazyload\" src=\"data:image\/svg+xml;base64,PHN2ZyB3aWR0aD0iMSIgaGVpZ2h0PSIxIiB4bWxucz0iaHR0cDovL3d3dy53My5vcmcvMjAwMC9zdmciPjwvc3ZnPg==\" style=\"--smush-placeholder-width: 300px; --smush-placeholder-aspect-ratio: 300\/199;\" \/><\/figure>\n\n\n\n<p>,<\/p>\n\n\n\n<figure class=\"wp-block-image\"><img decoding=\"async\" data-src=\"http:\/\/hora1pb.com.br\/wp-content\/uploads\/2020\/03\/F0549CE5-ED2C-4289-9CA7-625EAFD2FB0E-300x199.jpeg\" alt=\"\" class=\"wp-image-17901 lazyload\" src=\"data:image\/svg+xml;base64,PHN2ZyB3aWR0aD0iMSIgaGVpZ2h0PSIxIiB4bWxucz0iaHR0cDovL3d3dy53My5vcmcvMjAwMC9zdmciPjwvc3ZnPg==\" style=\"--smush-placeholder-width: 300px; --smush-placeholder-aspect-ratio: 300\/199;\" \/><\/figure>\n\n\n\n<div class=\"wp-block-image\"><figure class=\"aligncenter\"><img decoding=\"async\" data-src=\"http:\/\/hora1pb.com.br\/wp-content\/uploads\/2020\/03\/71C13EA2-D173-4233-9B2A-31ABA75E25AD-300x199.jpeg\" alt=\"\" class=\"wp-image-17902 lazyload\" src=\"data:image\/svg+xml;base64,PHN2ZyB3aWR0aD0iMSIgaGVpZ2h0PSIxIiB4bWxucz0iaHR0cDovL3d3dy53My5vcmcvMjAwMC9zdmciPjwvc3ZnPg==\" style=\"--smush-placeholder-width: 300px; --smush-placeholder-aspect-ratio: 300\/199;\" \/><\/figure><\/div>\n\n\n\n<div class=\"wp-block-image\"><figure class=\"aligncenter\"><img decoding=\"async\" data-src=\"http:\/\/hora1pb.com.br\/wp-content\/uploads\/2020\/03\/BF294EBF-8DD7-40B5-9DE6-3C3C9435CD19-300x199.jpeg\" alt=\"\" class=\"wp-image-17904 lazyload\" src=\"data:image\/svg+xml;base64,PHN2ZyB3aWR0aD0iMSIgaGVpZ2h0PSIxIiB4bWxucz0iaHR0cDovL3d3dy53My5vcmcvMjAwMC9zdmciPjwvc3ZnPg==\" style=\"--smush-placeholder-width: 300px; --smush-placeholder-aspect-ratio: 300\/199;\" \/><\/figure><\/div>\n\n\n\n<p>,<br>,<a href=\"http:\/\/hora1pb.com.br\/#facebook\" rel=\"noreferrer noopener\" target=\"_blank\"><br><\/a><\/p>\n","protected":false},"excerpt":{"rendered":"<p>A Renda Renascen\u00e7a produzida pelas rendeiras de Monteiro volta a ser destaque, e ser\u00e1 exibida \u00e0 n\u00edvel nacional, gra\u00e7as \u00e0s parcerias buscadas pela gest\u00e3o municipal&hellip; <\/p>\n","protected":false},"author":2,"featured_media":157177,"comment_status":"closed","ping_status":"closed","sticky":false,"template":"","format":"standard","meta":{"sfsi_plus_gutenberg_text_before_share":"","sfsi_plus_gutenberg_show_text_before_share":"","sfsi_plus_gutenberg_icon_type":"","sfsi_plus_gutenberg_icon_alignemt":"","sfsi_plus_gutenburg_max_per_row":"","footnotes":""},"categories":[2],"tags":[],"class_list":["post-157176","post","type-post","status-publish","format-standard","has-post-thumbnail","hentry","category-geral"],"_links":{"self":[{"href":"https:\/\/www.caririemacao.com\/1\/wp-json\/wp\/v2\/posts\/157176","targetHints":{"allow":["GET"]}}],"collection":[{"href":"https:\/\/www.caririemacao.com\/1\/wp-json\/wp\/v2\/posts"}],"about":[{"href":"https:\/\/www.caririemacao.com\/1\/wp-json\/wp\/v2\/types\/post"}],"author":[{"embeddable":true,"href":"https:\/\/www.caririemacao.com\/1\/wp-json\/wp\/v2\/users\/2"}],"replies":[{"embeddable":true,"href":"https:\/\/www.caririemacao.com\/1\/wp-json\/wp\/v2\/comments?post=157176"}],"version-history":[{"count":2,"href":"https:\/\/www.caririemacao.com\/1\/wp-json\/wp\/v2\/posts\/157176\/revisions"}],"predecessor-version":[{"id":157180,"href":"https:\/\/www.caririemacao.com\/1\/wp-json\/wp\/v2\/posts\/157176\/revisions\/157180"}],"wp:featuredmedia":[{"embeddable":true,"href":"https:\/\/www.caririemacao.com\/1\/wp-json\/wp\/v2\/media\/157177"}],"wp:attachment":[{"href":"https:\/\/www.caririemacao.com\/1\/wp-json\/wp\/v2\/media?parent=157176"}],"wp:term":[{"taxonomy":"category","embeddable":true,"href":"https:\/\/www.caririemacao.com\/1\/wp-json\/wp\/v2\/categories?post=157176"},{"taxonomy":"post_tag","embeddable":true,"href":"https:\/\/www.caririemacao.com\/1\/wp-json\/wp\/v2\/tags?post=157176"}],"curies":[{"name":"wp","href":"https:\/\/api.w.org\/{rel}","templated":true}]}}