{"id":157184,"date":"2020-03-10T08:20:28","date_gmt":"2020-03-10T11:20:28","guid":{"rendered":"http:\/\/www.caririemacao.com\/1\/?p=157184"},"modified":"2020-03-10T08:20:31","modified_gmt":"2020-03-10T11:20:31","slug":"em-monteiro-escola-municipal-maria-do-socorro-aragao-inicia-projeto-reciclar","status":"publish","type":"post","link":"https:\/\/www.caririemacao.com\/1\/2020\/03\/10\/em-monteiro-escola-municipal-maria-do-socorro-aragao-inicia-projeto-reciclar\/","title":{"rendered":"Em Monteiro: Escola Municipal Maria do Socorro Arag\u00e3o inicia Projeto Reciclar"},"content":{"rendered":"\n<div class=\"wp-block-image\"><figure class=\"alignleft\"><img decoding=\"async\" data-src=\"https:\/\/i2.wp.com\/www.vitrinedocariri.com.br\/wp-content\/uploads\/2020\/03\/Em-Monteiro-Escola-Municipal-Maria-do-Socorro-Arag%C3%A3o-inicia-Projeto-Reciclar-1.jpeg?resize=300%2C206&amp;ssl=1\" alt=\"\" class=\"wp-image-65853 lazyload\" src=\"data:image\/svg+xml;base64,PHN2ZyB3aWR0aD0iMSIgaGVpZ2h0PSIxIiB4bWxucz0iaHR0cDovL3d3dy53My5vcmcvMjAwMC9zdmciPjwvc3ZnPg==\" \/><\/figure><\/div>\n\n\n\n<p>&nbsp;Alunos da Escola Maria do Socorro Arag\u00e3o deram in\u00edcio na \u00faltima semana ao Projeto Reciclar, que tem o objetivo de ensinar aos alunos a realizar a coleta seletiva do lixo de forma&nbsp; adequada para o meio ambiente, separando o lixo Org\u00e2nico, Recicl\u00e1vel e Rejeitos.<\/p>\n\n\n\n<p>Com a iniciativa da equipe de apoio da escola, foram confeccionados tr\u00eas coletores de lixo com informa\u00e7\u00f5es impressas em cada um recipiente para que o descarte seja correto.&nbsp; Os coletores despertaram nos professores o interesse em mostrar a import\u00e2ncia e levar esse conhecimento para os alunos, sendo desta forma criado o Projeto Reciclar na Escola, com o intuito principal de ensinar a melhor maneira de separar o lixo produzido por cada cidad\u00e3o.<\/p>\n\n\n\n<p>Entre as atividades realizadas est\u00e3o: a manuten\u00e7\u00e3o das salas de aula com o n\u00e3o descarte de papel ou qualquer outro tipo de lixo no piso da sala, sedo esses descartados em sua lixeira respectiva, al\u00e9m da observa\u00e7\u00e3o do descarte correto em toda a \u00e1rea que comp\u00f5e a escola. Al\u00e9m disso, est\u00e3o sendo ministradas palestras de orienta\u00e7\u00e3o e conscientiza\u00e7\u00e3o di\u00e1ria com as turmas, para que essa atividade n\u00e3o fique apenas na escola, e que seja usada no dia a dia dos alunos.<\/p>\n\n\n\n<p>Para o Professor Evil\u00e1zio Gon\u00e7alves, que junto com os demais profissionais abra\u00e7ou a ideia, esse \u00e9 um projeto muito importante para o meio ambiente e para a nossa sa\u00fade e deve ser seguido por todos, n\u00e3o s\u00f3 na escola, mas tamb\u00e9m no dia a dia, em nossas casas e nas ruas da nossa cidade. \u201c\u00c9 um projeto muito importante para nosso munic\u00edpio e em especial para nossa escola, e que deve ser seguido por todos, pois nos da qualidade de vida com mais sa\u00fade e claro ajudando o meio ambiente\u201d, disse Evil\u00e1zio<\/p>\n\n\n\n<p>Ele lembra ainda que esse projeto \u00e9 do MPE-PB, e que tem a cidade de monteiro como escolhida para dar in\u00edcio ao movimento, e que, se depender da escola, ser\u00e1 um projeto cont\u00ednuo, aplicado diariamente com os alunos. \u201c Esse \u00e9 um projeto do MPE-PB, e Monteiro foi escolhida para dar in\u00edcio a esse projeto e n\u00f3s faremos a nossa parte todos os dias com os nossos alunos\u201d, lembrou Evil\u00e1zio.<\/p>\n\n\n\n<div class=\"wp-block-image\"><figure class=\"alignleft\"><img decoding=\"async\" data-src=\"https:\/\/i0.wp.com\/www.vitrinedocariri.com.br\/wp-content\/uploads\/2020\/03\/Em-Monteiro-Escola-Municipal-Maria-do-Socorro-Arag%C3%A3o-inicia-Projeto-Reciclar-2.jpeg?resize=300%2C225&amp;ssl=1\" alt=\"\" class=\"wp-image-65854 lazyload\" src=\"data:image\/svg+xml;base64,PHN2ZyB3aWR0aD0iMSIgaGVpZ2h0PSIxIiB4bWxucz0iaHR0cDovL3d3dy53My5vcmcvMjAwMC9zdmciPjwvc3ZnPg==\" \/><\/figure><\/div>\n\n\n\n<p>Em rela\u00e7\u00e3o ao Lixo, para se entender a magnitude da gravidade, dos 223 munic\u00edpios, apenas 13 possuem aterro sanit\u00e1rio. Outros 19 recorrem a cidades parceiras para dar destino aos res\u00edduos s\u00f3lidos produzidos pela popula\u00e7\u00e3o local. J\u00e1 o descarte inadequado dos res\u00edduos s\u00f3lidos provoca uma s\u00e9rie de problemas, principalmente \u00e0 sa\u00fade p\u00fablica e tamb\u00e9m ao meio ambiente. Um deles \u00e9 a contamina\u00e7\u00e3o do solo e dos rios. A prolifera\u00e7\u00e3o de insetos e animais transmissores de doen\u00e7as tamb\u00e9m \u00e9 uma realidade nas \u00e1reas pr\u00f3ximas aos lix\u00f5es.Em Monteiro: Escola Municipal Maria do Socorro Arag\u00e3o inicia Projeto Reciclar<\/p>\n\n\n\n<p>Alunos da Escola Maria do Socorro Arag\u00e3o deram in\u00edcio na \u00faltima semana ao Projeto Reciclar, que tem o objetivo de ensinar aos alunos a realizar a coleta seletiva do lixo de forma&nbsp; adequada para o meio ambiente, separando o lixo Org\u00e2nico, Recicl\u00e1vel e Rejeitos.<\/p>\n\n\n\n<p>Com a iniciativa da equipe de apoio da escola, foram confeccionados tr\u00eas coletores de lixo com informa\u00e7\u00f5es impressas em cada um recipiente para que o descarte seja correto.&nbsp; Os coletores despertaram nos professores o interesse em mostrar a import\u00e2ncia e levar esse conhecimento para os alunos, sendo desta forma criado o Projeto Reciclar na Escola, com o intuito principal de ensinar a melhor maneira de separar o lixo produzido por cada cidad\u00e3o.<\/p>\n\n\n\n<p>Entre as atividades realizadas est\u00e3o: a manuten\u00e7\u00e3o das salas de aula com o n\u00e3o descarte de papel ou qualquer outro tipo de lixo no piso da sala, sedo esses descartados em sua lixeira respectiva, al\u00e9m da observa\u00e7\u00e3o do descarte correto em toda a \u00e1rea que comp\u00f5e a escola. Al\u00e9m disso, est\u00e3o sendo ministradas palestras de orienta\u00e7\u00e3o e conscientiza\u00e7\u00e3o di\u00e1ria com as turmas, para que essa atividade n\u00e3o fique apenas na escola, e que seja usada no dia a dia dos alunos.<\/p>\n\n\n\n<p>Para o Professor Evil\u00e1zio Gon\u00e7alves, que junto com os demais profissionais abra\u00e7ou a ideia, esse \u00e9 um projeto muito importante para o meio ambiente e para a nossa sa\u00fade e deve ser seguido por todos, n\u00e3o s\u00f3 na escola, mas tamb\u00e9m no dia a dia, em nossas casas e nas ruas da nossa cidade. \u201c\u00c9 um projeto muito importante para nosso munic\u00edpio e em especial para nossa escola, e que deve ser seguido por todos, pois nos da qualidade de vida com mais sa\u00fade e claro ajudando o meio ambiente\u201d, disse Evil\u00e1zio<\/p>\n\n\n\n<p>Ele lembra ainda que esse projeto \u00e9 do MPE-PB, e que tem a cidade de monteiro como escolhida para dar in\u00edcio ao movimento, e que, se depender da escola, ser\u00e1 um projeto cont\u00ednuo, aplicado diariamente com os alunos. \u201c Esse \u00e9 um projeto do MPE-PB, e Monteiro foi escolhida para dar in\u00edcio a esse projeto e n\u00f3s faremos a nossa parte todos os dias com os nossos alunos\u201d, lembrou Evil\u00e1zio.<\/p>\n\n\n\n<p>Em rela\u00e7\u00e3o ao Lixo, para se entender a magnitude da gravidade, dos 223 munic\u00edpios, apenas 13 possuem aterro sanit\u00e1rio. Outros 19 recorrem a cidades parceiras para dar destino aos res\u00edduos s\u00f3lidos produzidos pela popula\u00e7\u00e3o local. J\u00e1 o descarte inadequado dos res\u00edduos s\u00f3lidos provoca uma s\u00e9rie de problemas, principalmente \u00e0 sa\u00fade p\u00fablica e tamb\u00e9m ao meio ambiente. Um deles \u00e9 a contamina\u00e7\u00e3o do solo e dos rios. A prolifera\u00e7\u00e3o de insetos e animais transmissores de doen\u00e7as tamb\u00e9m \u00e9 uma realidade nas \u00e1reas pr\u00f3ximas aos lix\u00f5es.<\/p>\n","protected":false},"excerpt":{"rendered":"<p>&nbsp;Alunos da Escola Maria do Socorro Arag\u00e3o deram in\u00edcio na \u00faltima semana ao Projeto Reciclar, que tem o objetivo de ensinar aos alunos a realizar&hellip; <\/p>\n","protected":false},"author":2,"featured_media":157185,"comment_status":"closed","ping_status":"closed","sticky":false,"template":"","format":"standard","meta":{"sfsi_plus_gutenberg_text_before_share":"","sfsi_plus_gutenberg_show_text_before_share":"","sfsi_plus_gutenberg_icon_type":"","sfsi_plus_gutenberg_icon_alignemt":"","sfsi_plus_gutenburg_max_per_row":"","footnotes":""},"categories":[2],"tags":[],"class_list":["post-157184","post","type-post","status-publish","format-standard","has-post-thumbnail","hentry","category-geral"],"_links":{"self":[{"href":"https:\/\/www.caririemacao.com\/1\/wp-json\/wp\/v2\/posts\/157184","targetHints":{"allow":["GET"]}}],"collection":[{"href":"https:\/\/www.caririemacao.com\/1\/wp-json\/wp\/v2\/posts"}],"about":[{"href":"https:\/\/www.caririemacao.com\/1\/wp-json\/wp\/v2\/types\/post"}],"author":[{"embeddable":true,"href":"https:\/\/www.caririemacao.com\/1\/wp-json\/wp\/v2\/users\/2"}],"replies":[{"embeddable":true,"href":"https:\/\/www.caririemacao.com\/1\/wp-json\/wp\/v2\/comments?post=157184"}],"version-history":[{"count":1,"href":"https:\/\/www.caririemacao.com\/1\/wp-json\/wp\/v2\/posts\/157184\/revisions"}],"predecessor-version":[{"id":157186,"href":"https:\/\/www.caririemacao.com\/1\/wp-json\/wp\/v2\/posts\/157184\/revisions\/157186"}],"wp:featuredmedia":[{"embeddable":true,"href":"https:\/\/www.caririemacao.com\/1\/wp-json\/wp\/v2\/media\/157185"}],"wp:attachment":[{"href":"https:\/\/www.caririemacao.com\/1\/wp-json\/wp\/v2\/media?parent=157184"}],"wp:term":[{"taxonomy":"category","embeddable":true,"href":"https:\/\/www.caririemacao.com\/1\/wp-json\/wp\/v2\/categories?post=157184"},{"taxonomy":"post_tag","embeddable":true,"href":"https:\/\/www.caririemacao.com\/1\/wp-json\/wp\/v2\/tags?post=157184"}],"curies":[{"name":"wp","href":"https:\/\/api.w.org\/{rel}","templated":true}]}}