{"id":157188,"date":"2020-03-10T08:21:45","date_gmt":"2020-03-10T11:21:45","guid":{"rendered":"http:\/\/www.caririemacao.com\/1\/?p=157188"},"modified":"2020-03-10T08:21:47","modified_gmt":"2020-03-10T11:21:47","slug":"policia-militar-recomenda-que-policiais-pre-candidatos-nas-eleicoes-2020-sejam-remanejados-de-area","status":"publish","type":"post","link":"https:\/\/www.caririemacao.com\/1\/2020\/03\/10\/policia-militar-recomenda-que-policiais-pre-candidatos-nas-eleicoes-2020-sejam-remanejados-de-area\/","title":{"rendered":"Pol\u00edcia Militar recomenda que policiais pr\u00e9-candidatos nas elei\u00e7\u00f5es 2020 sejam remanejados de \u00e1rea"},"content":{"rendered":"\n<p>Policiais militares da Para\u00edba com a inten\u00e7\u00e3o de serem pr\u00e9-candidatos nas elei\u00e7\u00f5es 2020 ser\u00e3o remanejados da \u00e1rea operacional para a administrativa. A recomenda\u00e7\u00e3o foi emitida pela corregedoria geral da corpora\u00e7\u00e3o para os comandos regionais sediados nos munic\u00edpios de Jo\u00e3o Pessoa, Campina Grande e Patos.<\/p>\n\n\n\n<p>O documento com a orienta\u00e7\u00e3o foi emitido no \u00faltimo dia 2 de mar\u00e7o. Conforme o corregedor geral da PM na Para\u00edba, coronel Severino do Ramo Ger\u00f4nimo de Ara\u00fajo, cada comando tem o prazo de dez dias ap\u00f3s a notifica\u00e7\u00e3o para listar os policiais que se enquadram no crit\u00e9rio de remanejamento.<\/p>\n\n\n\n<p>Ainda segundo o coronel, a mudan\u00e7a no trabalho deve acontecer de forma imediata assim que o policial manifestar o interesse de ser um pr\u00e9-candidato aos cargos de vereador ou prefeito.<\/p>\n\n\n\n<p>A decis\u00e3o foi tomada para evitar que os PMs usem os cargos que ocupam para promoverem a pr\u00f3pria imagem no pleito eleitoral deste ano. \u201cDemonstra a isen\u00e7\u00e3o e a imparcialidade que norteia a pol\u00edcia\u201d, justificou o coronel.<\/p>\n\n\n\n<p>Se o policial efetivar a candidatura, ser\u00e1 afastado das atividades pela Justi\u00e7a. J\u00e1 se for eleito, passar\u00e1 para o sistema de reserva remunerada. Mas se n\u00e3o for eleito, retornar\u00e1 aos quadros da corpora\u00e7\u00e3o.<\/p>\n\n\n\n<p>G1 Para\u00edba<\/p>\n","protected":false},"excerpt":{"rendered":"<p>Policiais militares da Para\u00edba com a inten\u00e7\u00e3o de serem pr\u00e9-candidatos nas elei\u00e7\u00f5es 2020 ser\u00e3o remanejados da \u00e1rea operacional para a administrativa. A recomenda\u00e7\u00e3o foi emitida&hellip; <\/p>\n","protected":false},"author":2,"featured_media":157189,"comment_status":"closed","ping_status":"closed","sticky":false,"template":"","format":"standard","meta":{"sfsi_plus_gutenberg_text_before_share":"","sfsi_plus_gutenberg_show_text_before_share":"","sfsi_plus_gutenberg_icon_type":"","sfsi_plus_gutenberg_icon_alignemt":"","sfsi_plus_gutenburg_max_per_row":"","footnotes":""},"categories":[12],"tags":[],"class_list":["post-157188","post","type-post","status-publish","format-standard","has-post-thumbnail","hentry","category-policia"],"_links":{"self":[{"href":"https:\/\/www.caririemacao.com\/1\/wp-json\/wp\/v2\/posts\/157188","targetHints":{"allow":["GET"]}}],"collection":[{"href":"https:\/\/www.caririemacao.com\/1\/wp-json\/wp\/v2\/posts"}],"about":[{"href":"https:\/\/www.caririemacao.com\/1\/wp-json\/wp\/v2\/types\/post"}],"author":[{"embeddable":true,"href":"https:\/\/www.caririemacao.com\/1\/wp-json\/wp\/v2\/users\/2"}],"replies":[{"embeddable":true,"href":"https:\/\/www.caririemacao.com\/1\/wp-json\/wp\/v2\/comments?post=157188"}],"version-history":[{"count":1,"href":"https:\/\/www.caririemacao.com\/1\/wp-json\/wp\/v2\/posts\/157188\/revisions"}],"predecessor-version":[{"id":157190,"href":"https:\/\/www.caririemacao.com\/1\/wp-json\/wp\/v2\/posts\/157188\/revisions\/157190"}],"wp:featuredmedia":[{"embeddable":true,"href":"https:\/\/www.caririemacao.com\/1\/wp-json\/wp\/v2\/media\/157189"}],"wp:attachment":[{"href":"https:\/\/www.caririemacao.com\/1\/wp-json\/wp\/v2\/media?parent=157188"}],"wp:term":[{"taxonomy":"category","embeddable":true,"href":"https:\/\/www.caririemacao.com\/1\/wp-json\/wp\/v2\/categories?post=157188"},{"taxonomy":"post_tag","embeddable":true,"href":"https:\/\/www.caririemacao.com\/1\/wp-json\/wp\/v2\/tags?post=157188"}],"curies":[{"name":"wp","href":"https:\/\/api.w.org\/{rel}","templated":true}]}}