{"id":157191,"date":"2020-03-10T08:47:50","date_gmt":"2020-03-10T11:47:50","guid":{"rendered":"http:\/\/www.caririemacao.com\/1\/?p=157191"},"modified":"2020-03-10T08:47:52","modified_gmt":"2020-03-10T11:47:52","slug":"bolsonaro-governo-nao-vai-interferir-para-controlar-preco-do-petroleo","status":"publish","type":"post","link":"https:\/\/www.caririemacao.com\/1\/2020\/03\/10\/bolsonaro-governo-nao-vai-interferir-para-controlar-preco-do-petroleo\/","title":{"rendered":"Bolsonaro: governo n\u00e3o vai interferir para controlar pre\u00e7o do petr\u00f3leo"},"content":{"rendered":"\n<p>O presidente Jair Bolsonaro disse hoje (9) que o governo federal n\u00e3o vai interferir para controlar o pre\u00e7o do barril de petr\u00f3leo no Brasil. Em manifesta\u00e7\u00e3o no seu perfil no Twitter, o presidente refor\u00e7ou que \u201cn\u00e3o existe possibilidade de o governo aumentar a Cide [Contribui\u00e7\u00f5es de Interven\u00e7\u00e3o no Dom\u00ednio Econ\u00f4mico] para manter os pre\u00e7os dos combust\u00edveis\u201d.<\/p>\n\n\n\n<p>&nbsp;\u201cO barril do petr\u00f3leo caiu, em m\u00e9dia, 30% (US$ 35 o barril). A Petrobras continuar\u00e1 mantendo sua pol\u00edtica de pre\u00e7os sem interfer\u00eancias. A tend\u00eancia \u00e9 que os pre\u00e7os caiam nas refinarias\u201d, escreveu.<\/p>\n\n\n\n<figure class=\"wp-block-image\"><a href=\"https:\/\/twitter.com\/jairbolsonaro\"><img decoding=\"async\" data-src=\"https:\/\/pbs.twimg.com\/profile_images\/1057631480459886595\/9VPdGJJz_bigger.jpg\" alt=\"\" src=\"data:image\/svg+xml;base64,PHN2ZyB3aWR0aD0iMSIgaGVpZ2h0PSIxIiB4bWxucz0iaHR0cDovL3d3dy53My5vcmcvMjAwMC9zdmciPjwvc3ZnPg==\" class=\"lazyload\" \/><\/a><\/figure>\n\n\n\n<p><a href=\"https:\/\/twitter.com\/jairbolsonaro\"><strong>Jair M. Bolsonaro<\/strong><strong>&#x2714;<\/strong>@jairbolsonaro<\/a><a href=\"https:\/\/twitter.com\/jairbolsonaro\/status\/1237073980365905921\"><\/a><\/p>\n\n\n\n<p>&#8211; N\u00c3O existe possibilidade do Governo aumentar a CIDE para manter os pre\u00e7os dos combust\u00edveis. O barril do petr\u00f3leo caiu, em m\u00e9dia, 30% (US$ 35 o barril). A Petrobras continuar\u00e1 mantendo sua pol\u00edtica de pre\u00e7os sem interfer\u00eancias. A tend\u00eancia \u00e9 que os pre\u00e7os caiam nas refinarias.<a href=\"https:\/\/twitter.com\/intent\/like?tweet_id=1237073980365905921\">32.3K<\/a><a href=\"https:\/\/twitter.com\/jairbolsonaro\/status\/1237073980365905921\">2:53 PM &#8211; Mar 9, 2020<\/a><a href=\"https:\/\/support.twitter.com\/articles\/20175256\">Twitter Ads info and privacy<\/a><a href=\"https:\/\/twitter.com\/jairbolsonaro\/status\/1237073980365905921\">6,763 people are talking about this<\/a><\/p>\n\n\n\n<p>As bolsas de valores no mundo todo abriram em baixa hoje afetadas pela redu\u00e7\u00e3o no pre\u00e7o do petr\u00f3leo internacional, em meio a uma disputa entre Ar\u00e1bia Saudita e R\u00fassia. Os neg\u00f3cios na B3, a bolsa de valores brasileira,&nbsp;<a href=\"https:\/\/agenciabrasil.ebc.com.br\/economia\/noticia\/2020-03\/bolsa-aciona-circuit-breaker-apos-ibovespa-cair-mais-de-10\" target=\"_blank\" rel=\"noreferrer noopener\">chegaram a ser interrompidos<\/a>&nbsp;na manh\u00e3 desta segunda-feira ap\u00f3s o Ibovespa cair 10,02%.&nbsp;<\/p>\n\n\n\n<p>Os pre\u00e7os do petr\u00f3leo chegaram a cair mais de 30%, o maior recuo di\u00e1rio desde a Guerra do Golfo, em 1991, ap\u00f3s a Ar\u00e1bia Saudita ter sinalizado que elevar\u00e1 a produ\u00e7\u00e3o para ganhar participa\u00e7\u00e3o no mercado. Os sauditas cortaram seus pre\u00e7os oficiais de venda, ap\u00f3s a R\u00fassia se recusar a aderir a cortes adicionais de oferta, propostos pela Organiza\u00e7\u00e3o dos Pa\u00edses Exportadores de Petr\u00f3leo (Opep) para estabilizar os mercados da&nbsp;<em>commodity<\/em>.<\/p>\n\n\n\n<p>De acordo com o ministro de Minas e Energia, Bento Albuquerque, o governo federal n\u00e3o vai adotar nenhuma medida emergencial neste momento, mas est\u00e1 estudando instrumentos que poder\u00e3o ser aplicados em caso de varia\u00e7\u00f5es abruptas do pre\u00e7o do barril do petr\u00f3leo, tanto para cima quanto para baixo. Os estudos est\u00e3o sendo conduzidos h\u00e1 mais de seis meses pelos minist\u00e9rios de Minas e Energia e da Economia.<\/p>\n\n\n\n<p>\u201cEstamos observando alguns instrumentos que no futuro poder\u00e3o ser aplicados, mas n\u00e3o no caso particular do que est\u00e1 acontecendo no dia de hoje\u201d, disse o ministro, ap\u00f3s participar do Semin\u00e1rio Empresarial Brasil-Estados Unidos, na Fl\u00f3rida, ao lado de Bolsonaro. \u201cIsso passa, em um espectro mais amplo, pelas reformas que est\u00e3o sendo conduzidas pelo Congresso Nacional e que ser\u00e3o apresentadas pelo governo\u201d, explicou em refer\u00eancia \u00e0 reforma tribut\u00e1ria.<\/p>\n\n\n\n<p>Albuquerque informou que a Cide \u00e9 um dos componentes desses instrumentos, assim como o PIS\/Cofins (Programas de Integra\u00e7\u00e3o Social e de Forma\u00e7\u00e3o do Patrim\u00f4nio do Servidor P\u00fablico\/Contribui\u00e7\u00e3o para Financiamento da Seguridade Social) e o Imposto sobre Circula\u00e7\u00e3o de Mercadorias e Servi\u00e7os (ICMS). \u201cMas isso tudo \u00e9 um exerc\u00edcio que pode ser refletido, mas n\u00e3o tem a ver com nenhuma a\u00e7\u00e3o agora que vai ser tomada pelo governo\u201d, refor\u00e7ou. De acordo com ele, o Minist\u00e9rio da Economia, liderado pelo ministro Paulo Guedes, est\u00e1 \u00e0 frente de toda essa quest\u00e3o tribut\u00e1ria.<\/p>\n\n\n\n<h2 class=\"wp-block-heading\">Semin\u00e1rio<\/h2>\n\n\n\n<p>O presidente Jair Bolsonaro est\u00e1 em viagem \u00e0 Florida, nos Estados Unidos, e participou hoje do Semin\u00e1rio Empresarial Brasil-Estados Unidos. Durante seu discurso, ele pediu a confian\u00e7a dos empres\u00e1rios americanos nas reformas que o Brasil est\u00e1 implementando e disse que o governo \u00e9 leal \u00e0s pol\u00edticas de liberaliza\u00e7\u00e3o econ\u00f4mica do ministro Guedes.<\/p>\n\n\n\n<p>\u201cNa quest\u00e3o econ\u00f4mica, como disse, a confian\u00e7a acima de tudo, honrar compromissos, buscar retaguarda jur\u00eddicas e garantias \u00e9 o nosso objetivo. Temos na pessoa do nosso ministro da Economia, um homem conhecido dentro e fora do Brasil, o senhor Paulo Guedes, e \u00e0s suas pol\u00edticas econ\u00f4micas somos leais e buscamos implement\u00e1-las de todas as formas\u201d, disse.<\/p>\n\n\n\n<p>De acordo com o presidente, o governo quer simplificar, desburocratizar e desregulamentar o ambiente de neg\u00f3cios para atrair investimentos e, para isso, ter\u00e1 o apoio do Congresso. \u201cVencemos o primeiro ano com muito sacrif\u00edcio, tivemos o apoio do Parlamento na reforma previdenci\u00e1ria, a m\u00e3e das reformas. Outras duas se apresentam pela frente. Conversei ontem rapidamente com o presidente da C\u00e2mara, Rodrigo Maia, e ele falou que, apesar de alguns atritos, que \u00e9 normal acontecer na pol\u00edtica, a C\u00e2mara far\u00e1 sua parte, buscando a melhor reforma administrativa e tribut\u00e1ria\u201d, disse.<\/p>\n","protected":false},"excerpt":{"rendered":"<p>O presidente Jair Bolsonaro disse hoje (9) que o governo federal n\u00e3o vai interferir para controlar o pre\u00e7o do barril de petr\u00f3leo no Brasil. Em&hellip; <\/p>\n","protected":false},"author":2,"featured_media":157192,"comment_status":"closed","ping_status":"closed","sticky":false,"template":"","format":"standard","meta":{"sfsi_plus_gutenberg_text_before_share":"","sfsi_plus_gutenberg_show_text_before_share":"","sfsi_plus_gutenberg_icon_type":"","sfsi_plus_gutenberg_icon_alignemt":"","sfsi_plus_gutenburg_max_per_row":"","footnotes":""},"categories":[11],"tags":[],"class_list":["post-157191","post","type-post","status-publish","format-standard","has-post-thumbnail","hentry","category-politica"],"_links":{"self":[{"href":"https:\/\/www.caririemacao.com\/1\/wp-json\/wp\/v2\/posts\/157191","targetHints":{"allow":["GET"]}}],"collection":[{"href":"https:\/\/www.caririemacao.com\/1\/wp-json\/wp\/v2\/posts"}],"about":[{"href":"https:\/\/www.caririemacao.com\/1\/wp-json\/wp\/v2\/types\/post"}],"author":[{"embeddable":true,"href":"https:\/\/www.caririemacao.com\/1\/wp-json\/wp\/v2\/users\/2"}],"replies":[{"embeddable":true,"href":"https:\/\/www.caririemacao.com\/1\/wp-json\/wp\/v2\/comments?post=157191"}],"version-history":[{"count":1,"href":"https:\/\/www.caririemacao.com\/1\/wp-json\/wp\/v2\/posts\/157191\/revisions"}],"predecessor-version":[{"id":157193,"href":"https:\/\/www.caririemacao.com\/1\/wp-json\/wp\/v2\/posts\/157191\/revisions\/157193"}],"wp:featuredmedia":[{"embeddable":true,"href":"https:\/\/www.caririemacao.com\/1\/wp-json\/wp\/v2\/media\/157192"}],"wp:attachment":[{"href":"https:\/\/www.caririemacao.com\/1\/wp-json\/wp\/v2\/media?parent=157191"}],"wp:term":[{"taxonomy":"category","embeddable":true,"href":"https:\/\/www.caririemacao.com\/1\/wp-json\/wp\/v2\/categories?post=157191"},{"taxonomy":"post_tag","embeddable":true,"href":"https:\/\/www.caririemacao.com\/1\/wp-json\/wp\/v2\/tags?post=157191"}],"curies":[{"name":"wp","href":"https:\/\/api.w.org\/{rel}","templated":true}]}}